{"id":32656,"date":"2026-04-27T12:01:55","date_gmt":"2026-04-27T15:01:55","guid":{"rendered":"https:\/\/blogdodanielgalvao.com.br\/site\/?p=32656"},"modified":"2026-04-27T12:01:59","modified_gmt":"2026-04-27T15:01:59","slug":"arraial-do-cabo-restringe-acesso-de-veiculos-nas-prainhas-do-pontal-do-atalaia-a-partir-de-maio","status":"publish","type":"post","link":"https:\/\/blogdodanielgalvao.com.br\/site\/arraial-do-cabo-restringe-acesso-de-veiculos-nas-prainhas-do-pontal-do-atalaia-a-partir-de-maio\/","title":{"rendered":"Arraial do Cabo restringe acesso de ve\u00edculos nas Prainhas do Pontal do Atalaia a partir de maio"},"content":{"rendered":"\n<p>A partir de 1\u00ba de maio, o acesso \u00e0s Prainhas do Pontal do Atalaia, em Arraial do Cabo, passar\u00e1 por uma mudan\u00e7a estrutural que promete alterar a din\u00e2mica do turismo na regi\u00e3o. A entrada e o estacionamento de ve\u00edculos particulares de visitantes estar\u00e3o proibidos, em uma a\u00e7\u00e3o voltada \u00e0 conten\u00e7\u00e3o dos impactos ambientais em uma das \u00e1reas mais sens\u00edveis do litoral fluminense.<\/p>\n\n\n\n<p>A decis\u00e3o foi estabelecida por meio de um acordo envolvendo o Minist\u00e9rio P\u00fablico, o INEA e a administra\u00e7\u00e3o municipal. O foco \u00e9 garantir a preserva\u00e7\u00e3o do Parque Estadual da Costa do Sol, unidade de conserva\u00e7\u00e3o que vinha sofrendo com o excesso de ve\u00edculos e a press\u00e3o tur\u00edstica desordenada.<\/p>\n\n\n\n<p>Na pr\u00e1tica, o modelo anterior \u2014 marcado por congestionamentos e ocupa\u00e7\u00e3o irregular das \u00e1reas naturais \u2014 ser\u00e1 substitu\u00eddo por um sistema de acesso controlado. O objetivo \u00e9 reduzir a circula\u00e7\u00e3o de autom\u00f3veis e, consequentemente, os danos \u00e0 vegeta\u00e7\u00e3o, ao solo e \u00e0 fauna local.<\/p>\n\n\n\n<p>Com as novas regras, apenas t\u00e1xis, barcos-t\u00e1xi e ve\u00edculos de aplicativo estar\u00e3o autorizados a acessar a regi\u00e3o. As vagas de estacionamento para visitantes deixam de existir, extinguindo tamb\u00e9m qualquer tipo de cobran\u00e7a associada. J\u00e1 os moradores continuam com acesso permitido, por\u00e9m sem a possibilidade de estacionar nas proximidades da escadaria que leva \u00e0s praias.<\/p>\n\n\n\n<p>A mudan\u00e7a representa um divisor de \u00e1guas para o turismo local. A l\u00f3gica agora \u00e9 clara: menos fluxo de carros, maior prote\u00e7\u00e3o ambiental. Para quem visita, o recado \u00e9 direto \u2014 o destino segue acess\u00edvel, mas exige adapta\u00e7\u00e3o a um modelo mais sustent\u00e1vel e coletivo, alinhado \u00e0 preserva\u00e7\u00e3o de um dos cen\u00e1rios mais emblem\u00e1ticos da chamada \u201cCaribe Brasileiro\u201d.&nbsp;&nbsp;&nbsp;&nbsp;<\/p>\n","protected":false},"excerpt":{"rendered":"<p>A partir de 1\u00ba de maio, o acesso \u00e0s Prainhas do Pontal do Atalaia, em Arraial do Cabo, passar\u00e1 por uma mudan\u00e7a estrutural que promete alterar a din\u00e2mica do turismo na regi\u00e3o. A entrada e o estacionamento de ve\u00edculos particulares de visitantes estar\u00e3o proibidos, em uma a\u00e7\u00e3o voltada \u00e0 conten\u00e7\u00e3o dos impactos ambientais em uma [&hellip;]<\/p>\n","protected":false},"author":2,"featured_media":32657,"comment_status":"open","ping_status":"open","sticky":false,"template":"","format":"standard","meta":{"footnotes":""},"categories":[838,2982],"tags":[],"class_list":["post-32656","post","type-post","status-publish","format-standard","has-post-thumbnail","hentry","category-arraial-do-cabo","category-destaque-noticia-4"],"_links":{"self":[{"href":"https:\/\/blogdodanielgalvao.com.br\/site\/wp-json\/wp\/v2\/posts\/32656","targetHints":{"allow":["GET"]}}],"collection":[{"href":"https:\/\/blogdodanielgalvao.com.br\/site\/wp-json\/wp\/v2\/posts"}],"about":[{"href":"https:\/\/blogdodanielgalvao.com.br\/site\/wp-json\/wp\/v2\/types\/post"}],"author":[{"embeddable":true,"href":"https:\/\/blogdodanielgalvao.com.br\/site\/wp-json\/wp\/v2\/users\/2"}],"replies":[{"embeddable":true,"href":"https:\/\/blogdodanielgalvao.com.br\/site\/wp-json\/wp\/v2\/comments?post=32656"}],"version-history":[{"count":1,"href":"https:\/\/blogdodanielgalvao.com.br\/site\/wp-json\/wp\/v2\/posts\/32656\/revisions"}],"predecessor-version":[{"id":32658,"href":"https:\/\/blogdodanielgalvao.com.br\/site\/wp-json\/wp\/v2\/posts\/32656\/revisions\/32658"}],"wp:featuredmedia":[{"embeddable":true,"href":"https:\/\/blogdodanielgalvao.com.br\/site\/wp-json\/wp\/v2\/media\/32657"}],"wp:attachment":[{"href":"https:\/\/blogdodanielgalvao.com.br\/site\/wp-json\/wp\/v2\/media?parent=32656"}],"wp:term":[{"taxonomy":"category","embeddable":true,"href":"https:\/\/blogdodanielgalvao.com.br\/site\/wp-json\/wp\/v2\/categories?post=32656"},{"taxonomy":"post_tag","embeddable":true,"href":"https:\/\/blogdodanielgalvao.com.br\/site\/wp-json\/wp\/v2\/tags?post=32656"}],"curies":[{"name":"wp","href":"https:\/\/api.w.org\/{rel}","templated":true}]}}