{"id":32653,"date":"2026-04-27T11:57:09","date_gmt":"2026-04-27T14:57:09","guid":{"rendered":"https:\/\/blogdodanielgalvao.com.br\/site\/?p=32653"},"modified":"2026-04-27T11:57:15","modified_gmt":"2026-04-27T14:57:15","slug":"sequestro-em-cabo-frio-mobiliza-moradores-e-gera-protesto-nas-dunas-do-pero","status":"publish","type":"post","link":"https:\/\/blogdodanielgalvao.com.br\/site\/sequestro-em-cabo-frio-mobiliza-moradores-e-gera-protesto-nas-dunas-do-pero\/","title":{"rendered":"Sequestro em Cabo Frio mobiliza moradores e gera protesto nas Dunas do Per\u00f3"},"content":{"rendered":"\n<p>Um sequestro registrado na regi\u00e3o das Dunas do Per\u00f3, em Cabo Frio, causou apreens\u00e3o entre moradores e mobilizou a popula\u00e7\u00e3o ao longo do fim de semana. O caso ocorreu na tarde de s\u00e1bado, quando um jovem foi abordado por criminosos armados enquanto estava na praia e levado \u00e0 for\u00e7a, sem tempo de rea\u00e7\u00e3o.<\/p>\n\n\n\n<p>De acordo com testemunhas, a a\u00e7\u00e3o foi r\u00e1pida e coordenada. Os suspeitos teriam utilizado um carro e uma motocicleta para executar o crime e fugir do local. H\u00e1 relatos de que o ve\u00edculo usado na abordagem foi posteriormente abandonado, o que refor\u00e7a a hip\u00f3tese de uma a\u00e7\u00e3o premeditada.<\/p>\n\n\n\n<p>A repercuss\u00e3o do caso levou moradores a organizarem uma manifesta\u00e7\u00e3o pac\u00edfica na noite de domingo. Vestidos de branco, os participantes se reuniram para pedir justi\u00e7a e cobrar respostas das autoridades sobre o paradeiro do jovem, em um ato marcado por como\u00e7\u00e3o e inseguran\u00e7a.<\/p>\n\n\n\n<p>A \u00e1rea das Dunas do Per\u00f3 j\u00e1 registra epis\u00f3dios recorrentes de viol\u00eancia, o que intensifica o clima de preocupa\u00e7\u00e3o entre quem vive ou frequenta a regi\u00e3o. O desaparecimento do jovem amplia a sensa\u00e7\u00e3o de vulnerabilidade e levanta questionamentos sobre a presen\u00e7a e atua\u00e7\u00e3o das for\u00e7as de seguran\u00e7a.<\/p>\n\n\n\n<p>Circulam ainda informa\u00e7\u00f5es n\u00e3o confirmadas sobre a poss\u00edvel localiza\u00e7\u00e3o de um corpo, mas at\u00e9 o momento n\u00e3o houve qualquer valida\u00e7\u00e3o oficial por parte das autoridades. O caso segue em investiga\u00e7\u00e3o, com dilig\u00eancias em andamento na tentativa de esclarecer o crime e localizar a v\u00edtima.&nbsp;&nbsp;&nbsp;&nbsp;&nbsp;<\/p>\n","protected":false},"excerpt":{"rendered":"<p>Um sequestro registrado na regi\u00e3o das Dunas do Per\u00f3, em Cabo Frio, causou apreens\u00e3o entre moradores e mobilizou a popula\u00e7\u00e3o ao longo do fim de semana. O caso ocorreu na tarde de s\u00e1bado, quando um jovem foi abordado por criminosos armados enquanto estava na praia e levado \u00e0 for\u00e7a, sem tempo de rea\u00e7\u00e3o. De acordo [&hellip;]<\/p>\n","protected":false},"author":2,"featured_media":32654,"comment_status":"open","ping_status":"open","sticky":false,"template":"","format":"standard","meta":{"footnotes":""},"categories":[340,2981],"tags":[],"class_list":["post-32653","post","type-post","status-publish","format-standard","has-post-thumbnail","hentry","category-cabo-frio","category-destaque-noticia-3"],"_links":{"self":[{"href":"https:\/\/blogdodanielgalvao.com.br\/site\/wp-json\/wp\/v2\/posts\/32653","targetHints":{"allow":["GET"]}}],"collection":[{"href":"https:\/\/blogdodanielgalvao.com.br\/site\/wp-json\/wp\/v2\/posts"}],"about":[{"href":"https:\/\/blogdodanielgalvao.com.br\/site\/wp-json\/wp\/v2\/types\/post"}],"author":[{"embeddable":true,"href":"https:\/\/blogdodanielgalvao.com.br\/site\/wp-json\/wp\/v2\/users\/2"}],"replies":[{"embeddable":true,"href":"https:\/\/blogdodanielgalvao.com.br\/site\/wp-json\/wp\/v2\/comments?post=32653"}],"version-history":[{"count":1,"href":"https:\/\/blogdodanielgalvao.com.br\/site\/wp-json\/wp\/v2\/posts\/32653\/revisions"}],"predecessor-version":[{"id":32655,"href":"https:\/\/blogdodanielgalvao.com.br\/site\/wp-json\/wp\/v2\/posts\/32653\/revisions\/32655"}],"wp:featuredmedia":[{"embeddable":true,"href":"https:\/\/blogdodanielgalvao.com.br\/site\/wp-json\/wp\/v2\/media\/32654"}],"wp:attachment":[{"href":"https:\/\/blogdodanielgalvao.com.br\/site\/wp-json\/wp\/v2\/media?parent=32653"}],"wp:term":[{"taxonomy":"category","embeddable":true,"href":"https:\/\/blogdodanielgalvao.com.br\/site\/wp-json\/wp\/v2\/categories?post=32653"},{"taxonomy":"post_tag","embeddable":true,"href":"https:\/\/blogdodanielgalvao.com.br\/site\/wp-json\/wp\/v2\/tags?post=32653"}],"curies":[{"name":"wp","href":"https:\/\/api.w.org\/{rel}","templated":true}]}}