{"id":32646,"date":"2026-04-27T11:45:12","date_gmt":"2026-04-27T14:45:12","guid":{"rendered":"https:\/\/blogdodanielgalvao.com.br\/site\/?p=32646"},"modified":"2026-04-27T11:45:18","modified_gmt":"2026-04-27T14:45:18","slug":"adolescente-desaparece-na-praia-do-forte-e-mobiliza-buscas-em-cabo-frio","status":"publish","type":"post","link":"https:\/\/blogdodanielgalvao.com.br\/site\/adolescente-desaparece-na-praia-do-forte-e-mobiliza-buscas-em-cabo-frio\/","title":{"rendered":"Adolescente desaparece na Praia do Forte e mobiliza buscas em Cabo Frio"},"content":{"rendered":"\n<p>O desaparecimento do adolescente Lucas, de aproximadamente 13 anos, tem mobilizado familiares e frequentadores da Praia do Forte, principal cart\u00e3o-postal de Cabo Frio, desde o \u00faltimo s\u00e1bado (25). O jovem foi visto pela \u00faltima vez na faixa de areia e tamb\u00e9m em atividades no mar, e desde ent\u00e3o n\u00e3o foi mais localizado.<\/p>\n\n\n\n<p>De acordo com relatos da fam\u00edlia, Lucas teria sido visto utilizando uma Banana Boat pouco antes de desaparecer. J\u00e1 neste domingo (26), novas informa\u00e7\u00f5es surgiram: barraqueiros e trabalhadores da orla afirmaram que o adolescente tamb\u00e9m foi visto caminhando sozinho pela praia, o que ampliou as hip\u00f3teses sobre o que pode ter ocorrido ap\u00f3s o primeiro avistamento.<\/p>\n\n\n\n<p>Enquanto as informa\u00e7\u00f5es ainda s\u00e3o desencontradas, familiares permanecem na regi\u00e3o em busca de qualquer pista que ajude a esclarecer o paradeiro do jovem. A movimenta\u00e7\u00e3o no local tem sido intensa, com pedidos de ajuda circulando nas redes sociais e entre comerciantes da orla.<\/p>\n\n\n\n<p>A Praia do Forte \u00e9 conhecida pela grande circula\u00e7\u00e3o de turistas e moradores, especialmente em fins de semana e feriados, o que pode dificultar a reconstitui\u00e7\u00e3o exata dos \u00faltimos passos do adolescente. Com cerca de 7,5 quil\u00f4metros de extens\u00e3o, a praia concentra diferentes pontos de movimento, variando entre \u00e1reas mais cheias e trechos mais isolados.<\/p>\n\n\n\n<p>At\u00e9 o momento, n\u00e3o h\u00e1 confirma\u00e7\u00e3o oficial sobre o envolvimento de equipes de resgate ou for\u00e7as de seguran\u00e7a no caso, mas a fam\u00edlia segue apelando por informa\u00e7\u00f5es que possam contribuir com as buscas. Quem tiver qualquer detalhe relevante deve procurar as autoridades locais.<\/p>\n\n\n\n<p>O caso segue em aberto e gera apreens\u00e3o entre moradores e frequentadores da regi\u00e3o, refor\u00e7ando o alerta sobre seguran\u00e7a, especialmente envolvendo crian\u00e7as e adolescentes em \u00e1reas de grande fluxo tur\u00edstico.&nbsp;&nbsp;&nbsp;&nbsp;<\/p>\n","protected":false},"excerpt":{"rendered":"<p>O desaparecimento do adolescente Lucas, de aproximadamente 13 anos, tem mobilizado familiares e frequentadores da Praia do Forte, principal cart\u00e3o-postal de Cabo Frio, desde o \u00faltimo s\u00e1bado (25). O jovem foi visto pela \u00faltima vez na faixa de areia e tamb\u00e9m em atividades no mar, e desde ent\u00e3o n\u00e3o foi mais localizado. De acordo com [&hellip;]<\/p>\n","protected":false},"author":2,"featured_media":32647,"comment_status":"open","ping_status":"open","sticky":false,"template":"","format":"standard","meta":{"footnotes":""},"categories":[340,2981],"tags":[],"class_list":["post-32646","post","type-post","status-publish","format-standard","has-post-thumbnail","hentry","category-cabo-frio","category-destaque-noticia-3"],"_links":{"self":[{"href":"https:\/\/blogdodanielgalvao.com.br\/site\/wp-json\/wp\/v2\/posts\/32646","targetHints":{"allow":["GET"]}}],"collection":[{"href":"https:\/\/blogdodanielgalvao.com.br\/site\/wp-json\/wp\/v2\/posts"}],"about":[{"href":"https:\/\/blogdodanielgalvao.com.br\/site\/wp-json\/wp\/v2\/types\/post"}],"author":[{"embeddable":true,"href":"https:\/\/blogdodanielgalvao.com.br\/site\/wp-json\/wp\/v2\/users\/2"}],"replies":[{"embeddable":true,"href":"https:\/\/blogdodanielgalvao.com.br\/site\/wp-json\/wp\/v2\/comments?post=32646"}],"version-history":[{"count":1,"href":"https:\/\/blogdodanielgalvao.com.br\/site\/wp-json\/wp\/v2\/posts\/32646\/revisions"}],"predecessor-version":[{"id":32648,"href":"https:\/\/blogdodanielgalvao.com.br\/site\/wp-json\/wp\/v2\/posts\/32646\/revisions\/32648"}],"wp:featuredmedia":[{"embeddable":true,"href":"https:\/\/blogdodanielgalvao.com.br\/site\/wp-json\/wp\/v2\/media\/32647"}],"wp:attachment":[{"href":"https:\/\/blogdodanielgalvao.com.br\/site\/wp-json\/wp\/v2\/media?parent=32646"}],"wp:term":[{"taxonomy":"category","embeddable":true,"href":"https:\/\/blogdodanielgalvao.com.br\/site\/wp-json\/wp\/v2\/categories?post=32646"},{"taxonomy":"post_tag","embeddable":true,"href":"https:\/\/blogdodanielgalvao.com.br\/site\/wp-json\/wp\/v2\/tags?post=32646"}],"curies":[{"name":"wp","href":"https:\/\/api.w.org\/{rel}","templated":true}]}}