{"id":32639,"date":"2026-04-27T11:06:20","date_gmt":"2026-04-27T14:06:20","guid":{"rendered":"https:\/\/blogdodanielgalvao.com.br\/site\/?p=32639"},"modified":"2026-04-27T11:06:26","modified_gmt":"2026-04-27T14:06:26","slug":"denuncia-anonima-leva-pm-a-apreender-armas-de-guerra-e-entorpecentes-em-macae","status":"publish","type":"post","link":"https:\/\/blogdodanielgalvao.com.br\/site\/denuncia-anonima-leva-pm-a-apreender-armas-de-guerra-e-entorpecentes-em-macae\/","title":{"rendered":"Den\u00fancia an\u00f4nima leva PM a apreender armas de guerra e entorpecentes em Maca\u00e9"},"content":{"rendered":"\n<p>Uma opera\u00e7\u00e3o da Policia Militar na comunidade das Malvinas em Maca\u00e9 resultou na apreens\u00e3o de armamento pesado, material b\u00e9lico e entorpecentes. A a\u00e7\u00e3o foi desencadeada ap\u00f3s o recebimento de uma den\u00fancia an\u00f4nima apontando sobre a atua\u00e7\u00e3o de criminosos ligados ao tr\u00e1fico local.<\/p>\n\n\n\n<p>De acordo com a ocorr\u00eancia, equipes do Servi\u00e7o Reservado foram at\u00e9 o local e se depararam com indiv\u00edduos armados, que efetuaram disparos contra os agentes, dado in\u00edcio a um confronto.<\/p>\n\n\n\n<p>Como consequ\u00eancia do confronto, a pol\u00edcia afirma que dois criminosos foram encontrados feridos. Eles foram socorridos ao Hospital P\u00fablico de Maca\u00e9 (HPM). Um terceiro envolvido tamb\u00e9m deu entrada na unidade hospitalar e foi identificado como participante da a\u00e7\u00e3o criminosa.<\/p>\n\n\n\n<p>A pol\u00edcia apreendeu durante a opera\u00e7\u00e3o um fuzil, uma pistola muni\u00e7\u00f5es de diversos calibres, r\u00e1dio comunicador, smartphone, equipamentos t\u00e1ticos, colete bal\u00edstico e acess\u00f3rios militares. Tamb\u00e9m foi localizada vasta quantidade de drogas.<\/p>\n\n\n\n<p>Dentre os envolvidos, h\u00e1 criminosos com anota\u00e7\u00f5es criminais anteriores por tr\u00e1fico de drogas, associa\u00e7\u00e3o para o tr\u00e1fico, recepta\u00e7\u00e3o e roubo. Um dos detidos possui registro por adultera\u00e7\u00e3o de ve\u00edculo tamb\u00e9m. A ocorr\u00eancia foi encaminhada \u00e0 123\u00aa DP.<\/p>\n","protected":false},"excerpt":{"rendered":"<p>Uma opera\u00e7\u00e3o da Policia Militar na comunidade das Malvinas em Maca\u00e9 resultou na apreens\u00e3o de armamento pesado, material b\u00e9lico e entorpecentes. A a\u00e7\u00e3o foi desencadeada ap\u00f3s o recebimento de uma den\u00fancia an\u00f4nima apontando sobre a atua\u00e7\u00e3o de criminosos ligados ao tr\u00e1fico local. De acordo com a ocorr\u00eancia, equipes do Servi\u00e7o Reservado foram at\u00e9 o local [&hellip;]<\/p>\n","protected":false},"author":2,"featured_media":32640,"comment_status":"open","ping_status":"open","sticky":false,"template":"","format":"standard","meta":{"footnotes":""},"categories":[1899],"tags":[494],"class_list":["post-32639","post","type-post","status-publish","format-standard","has-post-thumbnail","hentry","category-policia","tag-policia"],"_links":{"self":[{"href":"https:\/\/blogdodanielgalvao.com.br\/site\/wp-json\/wp\/v2\/posts\/32639","targetHints":{"allow":["GET"]}}],"collection":[{"href":"https:\/\/blogdodanielgalvao.com.br\/site\/wp-json\/wp\/v2\/posts"}],"about":[{"href":"https:\/\/blogdodanielgalvao.com.br\/site\/wp-json\/wp\/v2\/types\/post"}],"author":[{"embeddable":true,"href":"https:\/\/blogdodanielgalvao.com.br\/site\/wp-json\/wp\/v2\/users\/2"}],"replies":[{"embeddable":true,"href":"https:\/\/blogdodanielgalvao.com.br\/site\/wp-json\/wp\/v2\/comments?post=32639"}],"version-history":[{"count":1,"href":"https:\/\/blogdodanielgalvao.com.br\/site\/wp-json\/wp\/v2\/posts\/32639\/revisions"}],"predecessor-version":[{"id":32641,"href":"https:\/\/blogdodanielgalvao.com.br\/site\/wp-json\/wp\/v2\/posts\/32639\/revisions\/32641"}],"wp:featuredmedia":[{"embeddable":true,"href":"https:\/\/blogdodanielgalvao.com.br\/site\/wp-json\/wp\/v2\/media\/32640"}],"wp:attachment":[{"href":"https:\/\/blogdodanielgalvao.com.br\/site\/wp-json\/wp\/v2\/media?parent=32639"}],"wp:term":[{"taxonomy":"category","embeddable":true,"href":"https:\/\/blogdodanielgalvao.com.br\/site\/wp-json\/wp\/v2\/categories?post=32639"},{"taxonomy":"post_tag","embeddable":true,"href":"https:\/\/blogdodanielgalvao.com.br\/site\/wp-json\/wp\/v2\/tags?post=32639"}],"curies":[{"name":"wp","href":"https:\/\/api.w.org\/{rel}","templated":true}]}}