{"id":32623,"date":"2026-04-26T07:36:00","date_gmt":"2026-04-26T10:36:00","guid":{"rendered":"https:\/\/blogdodanielgalvao.com.br\/site\/?p=32623"},"modified":"2026-04-24T20:04:09","modified_gmt":"2026-04-24T23:04:09","slug":"delegacao-brasileira-treinara-em-macae-antes-de-disputar-competicao-continental-de-karate","status":"publish","type":"post","link":"https:\/\/blogdodanielgalvao.com.br\/site\/delegacao-brasileira-treinara-em-macae-antes-de-disputar-competicao-continental-de-karate\/","title":{"rendered":"Delega\u00e7\u00e3o brasileira treinar\u00e1 em Maca\u00e9 antes de disputar competi\u00e7\u00e3o continental de karat\u00ea"},"content":{"rendered":"\n<p>Maca\u00e9 ir\u00e1 receber o Pan-Americano de Karat\u00ea de 25 a 32 de maio e por conta desse evento, a Sele\u00e7\u00e3o Brasileira da modalidade escolheu o munic\u00edpio para se preparar para o torneio. O Brasil ir\u00e1 competir nas categorias sub-21, S\u00eanior e Parakarate. Toda dire\u00e7\u00e3o e delega\u00e7\u00e3o t\u00e9cnica do Brasil vai estar na cidade durante esse per\u00edodo preparat\u00f3rio.<\/p>\n\n\n\n<p>\u201cA realiza\u00e7\u00e3o deste per\u00edodo de prepara\u00e7\u00e3o da Sele\u00e7\u00e3o Brasileira em Maca\u00e9 \u00e9 muito importante, n\u00e3o s\u00f3 para o desempenho dos atletas no Campeonato Pan-Americano, mas tamb\u00e9m para dar visibilidade ao munic\u00edpio no cen\u00e1rio esportivo. \u00c9 uma oportunidade de mostrar nossa estrutura e fortalecer ainda mais o karat\u00ea na regi\u00e3o\u201d, destacou a treinadora e macaense Samara Jardim.<\/p>\n\n\n\n<p>A competi\u00e7\u00e3o \u00e9 um marco para a cidade e representa um grande reconhecimento ao trabalho de divulga\u00e7\u00e3o do esporte divulgado no munic\u00edpio. O evento ir\u00e1 reunir atletas de 12 pa\u00edses. Dentre eles: Brasil, Chile, Col\u00f4mbia, Costa Rica, Cura\u00e7ao, Rep\u00fablica Dominicana, Equador, El Salvador, Guatemala, M\u00e9xico, Nicar\u00e1gua e Panam\u00e1. A organiza\u00e7\u00e3o \u00e9 da Federa\u00e7\u00e3o Pan-Americana de Karat\u00ea (PKF) e da Confedera\u00e7\u00e3o Brasileira de Karat\u00ea (CBK), com apoio da Prefeitura de Maca\u00e9.<br>O prefeito Welberth Rezende recebeu em dezembro do ano passado o presidente da Confedera\u00e7\u00e3o Brasileira de Karat\u00ea (CBK), Hermes Queiroz. Na ocasi\u00e3o, o chefe do Executivo esteve acompanhado da treinadora Samara Jardim. O encontro serviu para que as partes alinhassem os detalhes para a realiza\u00e7\u00e3o do torneio.<\/p>\n\n\n\n<p>A competi\u00e7\u00e3o re\u00fane os principais atletas das Am\u00e9ricas e todas as sele\u00e7\u00f5es da modalidade. Para Samara, que integra a comiss\u00e3o t\u00e9cnica da Sele\u00e7\u00e3o Brasileira, o evento vai colocar Maca\u00e9 em evid\u00eancia no cen\u00e1rio internacional.<\/p>\n\n\n\n<p>\u201cReceber o Campeonato Pan-Americano de Karat\u00ea S\u00eanior \u00e9 uma grande conquista para Maca\u00e9. Estamos falando de um evento que re\u00fane os principais atletas das Am\u00e9ricas e todas as sele\u00e7\u00f5es da modalidade, o que projeta a cidade no cen\u00e1rio internacional e fortalece ainda mais o desenvolvimento do karat\u00ea no Brasil\u201d, destacou.<\/p>\n\n\n\n<p>Cada pa\u00eds poder\u00e1 inscrever no m\u00e1ximo dois atletas por categoria individual e uma equipe por g\u00eanero. Al\u00e9m disso, os 1\u00ba, 2\u00ba e apenas o 3\u00ba colocados nas categorias de Kumite por Equipes S\u00eanior e Kata por Equipes S\u00eanior (masculino e feminino) garantir\u00e3o vaga direta para a Copa do Mundo de Equipes S\u00eanior 2026, que ser\u00e1 realizada em Hangzhou, na China, entre os dias 20 e 22 de novembro.<\/p>\n\n\n\n<p>CATEGORIAS:<\/p>\n\n\n\n<p>S\u00caNIOR (Kata: +16 anos e Kumite: +18 anos)<\/p>\n\n\n\n<ul class=\"wp-block-list\">\n<li>16 categorias: 12 de Kumite + 4 de Kata<br>o Kata Feminino: Individual e Equipe<br>o Kata Masculino: Individual e Equipe<br>o Kumite Individual Feminino: -50 kg, -55 kg, -61 kg, -68 kg e +68 kg<br>o Kumite Individual Masculino: -60 kg, -67 kg, -75 kg, -84 kg e +84 kg<br>o Kumite Feminino: Equipe<br>o Kumite Masculino: Equipe<\/li>\n<\/ul>\n\n\n\n<p>SUB-21 (18 a 20 anos)<\/p>\n\n\n\n<ul class=\"wp-block-list\">\n<li>16 categorias: 12 de Kumite + 4 de Kata<br>o Kata Feminino: Individual e Equipe<br>o Kata Masculino: Individual e Equipe<br>o Kumite Individual Feminino: -50 kg, -55 kg, -61 kg, -68 kg e +68 kg<br>o Kumite Individual Masculino: -60 kg, -67 kg, -75 kg, -84 kg e +84 kg<br>o Kumite Feminino: Equipe<br>o Kumite Masculino: Equipe<\/li>\n<\/ul>\n\n\n\n<p>PARAKARAT\u00ca (+16 anos)<\/p>\n\n\n\n<ul class=\"wp-block-list\">\n<li>8 categorias \u2013 Kata<br>o Kata Individual Feminino e Masculino:<br>o Defici\u00eancia Visual (K10)<br>o Defici\u00eancia Intelectual (K21)<br>o S\u00edndrome de Down (K22)<br>o Defici\u00eancia F\u00edsica \u2013 Usu\u00e1rios de Cadeira de Rodas (K30)<\/li>\n<\/ul>\n","protected":false},"excerpt":{"rendered":"<p>Maca\u00e9 ir\u00e1 receber o Pan-Americano de Karat\u00ea de 25 a 32 de maio e por conta desse evento, a Sele\u00e7\u00e3o Brasileira da modalidade escolheu o munic\u00edpio para se preparar para o torneio. O Brasil ir\u00e1 competir nas categorias sub-21, S\u00eanior e Parakarate. Toda dire\u00e7\u00e3o e delega\u00e7\u00e3o t\u00e9cnica do Brasil vai estar na cidade durante esse [&hellip;]<\/p>\n","protected":false},"author":2,"featured_media":32624,"comment_status":"open","ping_status":"open","sticky":false,"template":"","format":"standard","meta":{"footnotes":""},"categories":[2978,1897],"tags":[3442],"class_list":["post-32623","post","type-post","status-publish","format-standard","has-post-thumbnail","hentry","category-destaques-topo","category-esportes","tag-pan-americano-de-karate"],"_links":{"self":[{"href":"https:\/\/blogdodanielgalvao.com.br\/site\/wp-json\/wp\/v2\/posts\/32623","targetHints":{"allow":["GET"]}}],"collection":[{"href":"https:\/\/blogdodanielgalvao.com.br\/site\/wp-json\/wp\/v2\/posts"}],"about":[{"href":"https:\/\/blogdodanielgalvao.com.br\/site\/wp-json\/wp\/v2\/types\/post"}],"author":[{"embeddable":true,"href":"https:\/\/blogdodanielgalvao.com.br\/site\/wp-json\/wp\/v2\/users\/2"}],"replies":[{"embeddable":true,"href":"https:\/\/blogdodanielgalvao.com.br\/site\/wp-json\/wp\/v2\/comments?post=32623"}],"version-history":[{"count":1,"href":"https:\/\/blogdodanielgalvao.com.br\/site\/wp-json\/wp\/v2\/posts\/32623\/revisions"}],"predecessor-version":[{"id":32625,"href":"https:\/\/blogdodanielgalvao.com.br\/site\/wp-json\/wp\/v2\/posts\/32623\/revisions\/32625"}],"wp:featuredmedia":[{"embeddable":true,"href":"https:\/\/blogdodanielgalvao.com.br\/site\/wp-json\/wp\/v2\/media\/32624"}],"wp:attachment":[{"href":"https:\/\/blogdodanielgalvao.com.br\/site\/wp-json\/wp\/v2\/media?parent=32623"}],"wp:term":[{"taxonomy":"category","embeddable":true,"href":"https:\/\/blogdodanielgalvao.com.br\/site\/wp-json\/wp\/v2\/categories?post=32623"},{"taxonomy":"post_tag","embeddable":true,"href":"https:\/\/blogdodanielgalvao.com.br\/site\/wp-json\/wp\/v2\/tags?post=32623"}],"curies":[{"name":"wp","href":"https:\/\/api.w.org\/{rel}","templated":true}]}}