{"id":32613,"date":"2026-04-24T18:57:53","date_gmt":"2026-04-24T21:57:53","guid":{"rendered":"https:\/\/blogdodanielgalvao.com.br\/site\/?p=32613"},"modified":"2026-04-24T18:57:58","modified_gmt":"2026-04-24T21:57:58","slug":"reajuste-para-servidores-de-macae-foi-aprovado-na-camara-municipal","status":"publish","type":"post","link":"https:\/\/blogdodanielgalvao.com.br\/site\/reajuste-para-servidores-de-macae-foi-aprovado-na-camara-municipal\/","title":{"rendered":"Reajuste para servidores de Maca\u00e9 foi aprovado na C\u00e2mara Municipal"},"content":{"rendered":"\n<p>O reajuste de 6% no sal\u00e1rio dos funcion\u00e1rios do Executivo e Legislativo foi aprovado por unanimidade pela C\u00e2mara Municipal de Maca\u00e9 na \u00faltima semana. Para servidores da administra\u00e7\u00e3o municipal ser\u00e1 concedida uma progress\u00e3o de quatro letras no Plano de Cargos, Carreiras e Vencimentos (PCCV), o que pode representar um ganho real de 10% a 14% do sal\u00e1rio base, conforme cada categoria.<\/p>\n\n\n\n<p>A aprova\u00e7\u00e3o foi confirmada pelo presidente da Casa, Alan Mansur (PL). \u201cAprovamos, com muito respeito aos servidores, ap\u00f3s verificarmos, com toda responsabilidade, os impactos financeiros e legais\u201d, disse o parlamentar.<\/p>\n\n\n\n<p>L\u00edder do governo na C\u00e2mara, o vereador Cesinha defendeu o Projeto de Lei do Executivo (PL) 12\/2026. \u201cCom essa vota\u00e7\u00e3o, os parlamentares e o prefeito Welberth Rezende est\u00e3o valorizando o que a cidade tem de melhor\u201d.<\/p>\n\n\n\n<p>Cesinha fez quest\u00e3o de destacar tamb\u00e9m a import\u00e2ncia da negocia\u00e7\u00e3o com o Sindservi. O parlamentar tamb\u00e9m fez elogios ao trabalho da Procuradoria e da Controladoria municipal pela elabora\u00e7\u00e3o da proposta. J\u00e1 Mansur destacou o trabalho das secretarias de Fazenda, Planejamento e RH.<\/p>\n\n\n\n<p>Ex-secret\u00e1ria de Educa\u00e7\u00e3o e atualmente vereadora pelo (PT), Leandra Lopes chamou a aten\u00e7\u00e3o para o percentual maior dos que trabalham na Educa\u00e7\u00e3o. \u201cIsso evidencia a luta desses servidores, que j\u00e1 tinham conseguido uma revis\u00e3o em 2012, ainda com Riverton Mussi (2005-2012)\u201d, disse Leandra.<\/p>\n\n\n\n<p>Outro dado importante foi mencionado pelo vice-l\u00edder do governo, Luciano Diniz (Cidadania). O parlamentar lembrou que muitos projetos j\u00e1 foram encaminhados para a C\u00e2mara no passado, mas que eles esqueciam o todo, diferente do que aconteceu agora.<\/p>\n\n\n\n<p>A C\u00e2mara afirmou tamb\u00e9m ter aprovado na \u00faltima semana durante sess\u00e3o extraordin\u00e1ria o PL 126\/2026, da Mesa Diretora, que garantiu tamb\u00e9m o reajuste para os servidores do Legislativo.<\/p>\n","protected":false},"excerpt":{"rendered":"<p>O reajuste de 6% no sal\u00e1rio dos funcion\u00e1rios do Executivo e Legislativo foi aprovado por unanimidade pela C\u00e2mara Municipal de Maca\u00e9 na \u00faltima semana. Para servidores da administra\u00e7\u00e3o municipal ser\u00e1 concedida uma progress\u00e3o de quatro letras no Plano de Cargos, Carreiras e Vencimentos (PCCV), o que pode representar um ganho real de 10% a 14% [&hellip;]<\/p>\n","protected":false},"author":2,"featured_media":32614,"comment_status":"open","ping_status":"open","sticky":false,"template":"","format":"standard","meta":{"footnotes":""},"categories":[2978,2],"tags":[2398],"class_list":["post-32613","post","type-post","status-publish","format-standard","has-post-thumbnail","hentry","category-destaques-topo","category-macae","tag-camara-municipal-de-macae"],"_links":{"self":[{"href":"https:\/\/blogdodanielgalvao.com.br\/site\/wp-json\/wp\/v2\/posts\/32613","targetHints":{"allow":["GET"]}}],"collection":[{"href":"https:\/\/blogdodanielgalvao.com.br\/site\/wp-json\/wp\/v2\/posts"}],"about":[{"href":"https:\/\/blogdodanielgalvao.com.br\/site\/wp-json\/wp\/v2\/types\/post"}],"author":[{"embeddable":true,"href":"https:\/\/blogdodanielgalvao.com.br\/site\/wp-json\/wp\/v2\/users\/2"}],"replies":[{"embeddable":true,"href":"https:\/\/blogdodanielgalvao.com.br\/site\/wp-json\/wp\/v2\/comments?post=32613"}],"version-history":[{"count":1,"href":"https:\/\/blogdodanielgalvao.com.br\/site\/wp-json\/wp\/v2\/posts\/32613\/revisions"}],"predecessor-version":[{"id":32615,"href":"https:\/\/blogdodanielgalvao.com.br\/site\/wp-json\/wp\/v2\/posts\/32613\/revisions\/32615"}],"wp:featuredmedia":[{"embeddable":true,"href":"https:\/\/blogdodanielgalvao.com.br\/site\/wp-json\/wp\/v2\/media\/32614"}],"wp:attachment":[{"href":"https:\/\/blogdodanielgalvao.com.br\/site\/wp-json\/wp\/v2\/media?parent=32613"}],"wp:term":[{"taxonomy":"category","embeddable":true,"href":"https:\/\/blogdodanielgalvao.com.br\/site\/wp-json\/wp\/v2\/categories?post=32613"},{"taxonomy":"post_tag","embeddable":true,"href":"https:\/\/blogdodanielgalvao.com.br\/site\/wp-json\/wp\/v2\/tags?post=32613"}],"curies":[{"name":"wp","href":"https:\/\/api.w.org\/{rel}","templated":true}]}}