{"id":32607,"date":"2026-04-24T18:37:45","date_gmt":"2026-04-24T21:37:45","guid":{"rendered":"https:\/\/blogdodanielgalvao.com.br\/site\/?p=32607"},"modified":"2026-04-24T18:37:51","modified_gmt":"2026-04-24T21:37:51","slug":"quissama-disputara-dois-jogos-da-liga-estadual-de-volei-neste-fim-de-semana-no-rio","status":"publish","type":"post","link":"https:\/\/blogdodanielgalvao.com.br\/site\/quissama-disputara-dois-jogos-da-liga-estadual-de-volei-neste-fim-de-semana-no-rio\/","title":{"rendered":"Quissam\u00e3 disputar\u00e1 dois jogos da Liga Estadual de V\u00f4lei neste fim de semana no Rio"},"content":{"rendered":"\n<p>Quissam\u00e3 estar\u00e1 em quadra neste fim de semana pela Liga de Voleibol do Estado do Rio de Janeiro (LIVERJ). Neste domingo (26), o time feminino infanto-juvenil sub-18 far\u00e1 a sua estreia na competi\u00e7\u00e3o, \u00e0s 9h10 contra o Highnet Barra Gold. A partida ser\u00e1 disputada no Col\u00e9gio Brasileiro, no Rio de Janeiro. Ainda no domingo, as meninas de Quissam\u00e3 ter\u00e3o outro compromisso pelo torneio. \u00c0s 11h30, o advers\u00e1rio ser\u00e1 o By Sport Recreio.<\/p>\n\n\n\n<p>O poder p\u00fablico de Quissam\u00e3 e investe e incentiva a pr\u00e1tica de esporte no munic\u00edpio. O v\u00f4lei \u00e9 uma das modalidades que contam com escolinhas gratuitas. Em parceria com a Secretaria de Esporte, a Prefeitura tem investido na forma\u00e7\u00e3o de atletas e promo\u00e7\u00e3o do esporte como um todo. A iniciativa \u00e9 visto como importante ferramenta de desenvolvimento social e inclus\u00e3o.<\/p>\n\n\n\n<p>\u201cA participa\u00e7\u00e3o das nossas meninas na LIVERJ \u00e9 motivo de orgulho e mostra a for\u00e7a do trabalho que vem sendo desenvolvido nas escolinhas esportivas. Seguimos investindo para garantir oportunidades e incentivar nossos jovens por meio do esporte\u201d, ressaltou a secret\u00e1ria de Esporte e Juventude, Isis das Chagas.<\/p>\n\n\n\n<p>Quissam\u00e3 tem boas expectativas para o torneio. O t\u00e9cnico Luis Felipe Almeida falou sobre o que viu nos treinamentos e o que espera da competi\u00e7\u00e3o.<\/p>\n\n\n\n<p>\u201cO grupo vem treinando com muita dedica\u00e7\u00e3o e disciplina. Sabemos do n\u00edvel da competi\u00e7\u00e3o, mas estamos confiantes no trabalho que foi desenvolvido at\u00e9 aqui. Mais do que resultados, esse \u00e9 um momento de aprendizado e crescimento para as nossas atletas\u201d, destacou Luis Felipe.<\/p>\n","protected":false},"excerpt":{"rendered":"<p>Quissam\u00e3 estar\u00e1 em quadra neste fim de semana pela Liga de Voleibol do Estado do Rio de Janeiro (LIVERJ). Neste domingo (26), o time feminino infanto-juvenil sub-18 far\u00e1 a sua estreia na competi\u00e7\u00e3o, \u00e0s 9h10 contra o Highnet Barra Gold. A partida ser\u00e1 disputada no Col\u00e9gio Brasileiro, no Rio de Janeiro. Ainda no domingo, as [&hellip;]<\/p>\n","protected":false},"author":2,"featured_media":32608,"comment_status":"open","ping_status":"open","sticky":false,"template":"","format":"standard","meta":{"footnotes":""},"categories":[1897,5],"tags":[3439],"class_list":["post-32607","post","type-post","status-publish","format-standard","has-post-thumbnail","hentry","category-esportes","category-quissama","tag-jogos-da-liga-estadual-de-volei"],"_links":{"self":[{"href":"https:\/\/blogdodanielgalvao.com.br\/site\/wp-json\/wp\/v2\/posts\/32607","targetHints":{"allow":["GET"]}}],"collection":[{"href":"https:\/\/blogdodanielgalvao.com.br\/site\/wp-json\/wp\/v2\/posts"}],"about":[{"href":"https:\/\/blogdodanielgalvao.com.br\/site\/wp-json\/wp\/v2\/types\/post"}],"author":[{"embeddable":true,"href":"https:\/\/blogdodanielgalvao.com.br\/site\/wp-json\/wp\/v2\/users\/2"}],"replies":[{"embeddable":true,"href":"https:\/\/blogdodanielgalvao.com.br\/site\/wp-json\/wp\/v2\/comments?post=32607"}],"version-history":[{"count":1,"href":"https:\/\/blogdodanielgalvao.com.br\/site\/wp-json\/wp\/v2\/posts\/32607\/revisions"}],"predecessor-version":[{"id":32609,"href":"https:\/\/blogdodanielgalvao.com.br\/site\/wp-json\/wp\/v2\/posts\/32607\/revisions\/32609"}],"wp:featuredmedia":[{"embeddable":true,"href":"https:\/\/blogdodanielgalvao.com.br\/site\/wp-json\/wp\/v2\/media\/32608"}],"wp:attachment":[{"href":"https:\/\/blogdodanielgalvao.com.br\/site\/wp-json\/wp\/v2\/media?parent=32607"}],"wp:term":[{"taxonomy":"category","embeddable":true,"href":"https:\/\/blogdodanielgalvao.com.br\/site\/wp-json\/wp\/v2\/categories?post=32607"},{"taxonomy":"post_tag","embeddable":true,"href":"https:\/\/blogdodanielgalvao.com.br\/site\/wp-json\/wp\/v2\/tags?post=32607"}],"curies":[{"name":"wp","href":"https:\/\/api.w.org\/{rel}","templated":true}]}}