{"id":32604,"date":"2026-04-24T18:30:21","date_gmt":"2026-04-24T21:30:21","guid":{"rendered":"https:\/\/blogdodanielgalvao.com.br\/site\/?p=32604"},"modified":"2026-04-24T18:30:25","modified_gmt":"2026-04-24T21:30:25","slug":"evento-marca-lancamento-das-obras-de-escola-em-tempo-integral-em-casimiro-de-abreu","status":"publish","type":"post","link":"https:\/\/blogdodanielgalvao.com.br\/site\/evento-marca-lancamento-das-obras-de-escola-em-tempo-integral-em-casimiro-de-abreu\/","title":{"rendered":"Evento marca lan\u00e7amento das obras de escola em tempo integral em Casimiro de Abreu"},"content":{"rendered":"\n<p>O governo federal lan\u00e7ou oficialmente, nessa quarta-feira, 22, em Casimiro de Abreu, a pedra fundamental do Complexo Educacional do Campo Verde, no distrito de Barra de S\u00e3o Jo\u00e3o, que promete atender 643 crian\u00e7as em regime de tempo integral.<\/p>\n\n\n\n<p>O lan\u00e7amento contou com a presen\u00e7a do deputado federal Lindbergh Farias (PT-RJ), vice-l\u00edder do governo na C\u00e2mara, que foi recebido pelo prefeito Ramon Gidalte (PL), e pelo vice-prefeito Marquinhos da Vaca Mec\u00e2nica (REPUBLICANOS).<\/p>\n\n\n\n<p>\u201cHoje \u00e9 um dia especial para mim, mas ser\u00e1 muito mais especial quando a gente retornar e ver tudo isso constru\u00eddo daqui a 1 ano\u201d, afirmou Lindbergh Farias.<\/p>\n\n\n\n<p>Constru\u00edda no Loteamento Campo Verde, no bairro Palmital, em Barra de S\u00e3o Jo\u00e3o, a unidade contar\u00e1 com uma \u00e1rea constru\u00edda de 8.400 metros quadrados (m\u00b2), com capacidade para atender 455 alunos de Ensino Fundamental e 188 de Educa\u00e7\u00e3o Infantil.<\/p>\n\n\n\n<p>Segundo a Prefeitura de Casimiro de Abreu, o projeto prev\u00ea investimentos federais em torno de 20 milh\u00f5es de reais, sendo a maior parte, cerca de 18 milh\u00f5es, proveniente do Fundo Nacional de Desenvolvimento da Educa\u00e7\u00e3o (FNDE).<\/p>\n\n\n\n<p>De acordo com o cronograma oficial, as obras devem ser entregues em at\u00e9 14 meses ap\u00f3s o seu in\u00edcio, com previs\u00e3o de conclus\u00e3o no 2\u00ba semestre de 2027, conforme ressaltou o deputado federal em seu discurso.<\/p>\n\n\n\n<p>Para o munic\u00edpio, o novo complexo \u00e9 visto como um divisor de \u00e1guas tamb\u00e9m para a economia local, j\u00e1 que permitir\u00e1 que os respons\u00e1veis busquem coloca\u00e7\u00e3o no mercado de trabalho enquanto as crian\u00e7as recebem suporte pedag\u00f3gico e alimentar completo no contraturno escolar.<\/p>\n\n\n\n<p>\u201cOs impactos ser\u00e3o profundos para o Palmital. Pais e m\u00e3es poder\u00e3o trabalhar com tranquilidade, sabendo que seus filhos estar\u00e3o em um ambiente seguro e educativo durante todo o dia\u201d, celebrou o prefeito Ramon Gidalte.<\/p>\n","protected":false},"excerpt":{"rendered":"<p>O governo federal lan\u00e7ou oficialmente, nessa quarta-feira, 22, em Casimiro de Abreu, a pedra fundamental do Complexo Educacional do Campo Verde, no distrito de Barra de S\u00e3o Jo\u00e3o, que promete atender 643 crian\u00e7as em regime de tempo integral. O lan\u00e7amento contou com a presen\u00e7a do deputado federal Lindbergh Farias (PT-RJ), vice-l\u00edder do governo na C\u00e2mara, [&hellip;]<\/p>\n","protected":false},"author":2,"featured_media":32605,"comment_status":"open","ping_status":"open","sticky":false,"template":"","format":"standard","meta":{"footnotes":""},"categories":[6,2978],"tags":[1927],"class_list":["post-32604","post","type-post","status-publish","format-standard","has-post-thumbnail","hentry","category-casimiro-de-abreu","category-destaques-topo","tag-barra-de-sao-joao"],"_links":{"self":[{"href":"https:\/\/blogdodanielgalvao.com.br\/site\/wp-json\/wp\/v2\/posts\/32604","targetHints":{"allow":["GET"]}}],"collection":[{"href":"https:\/\/blogdodanielgalvao.com.br\/site\/wp-json\/wp\/v2\/posts"}],"about":[{"href":"https:\/\/blogdodanielgalvao.com.br\/site\/wp-json\/wp\/v2\/types\/post"}],"author":[{"embeddable":true,"href":"https:\/\/blogdodanielgalvao.com.br\/site\/wp-json\/wp\/v2\/users\/2"}],"replies":[{"embeddable":true,"href":"https:\/\/blogdodanielgalvao.com.br\/site\/wp-json\/wp\/v2\/comments?post=32604"}],"version-history":[{"count":1,"href":"https:\/\/blogdodanielgalvao.com.br\/site\/wp-json\/wp\/v2\/posts\/32604\/revisions"}],"predecessor-version":[{"id":32606,"href":"https:\/\/blogdodanielgalvao.com.br\/site\/wp-json\/wp\/v2\/posts\/32604\/revisions\/32606"}],"wp:featuredmedia":[{"embeddable":true,"href":"https:\/\/blogdodanielgalvao.com.br\/site\/wp-json\/wp\/v2\/media\/32605"}],"wp:attachment":[{"href":"https:\/\/blogdodanielgalvao.com.br\/site\/wp-json\/wp\/v2\/media?parent=32604"}],"wp:term":[{"taxonomy":"category","embeddable":true,"href":"https:\/\/blogdodanielgalvao.com.br\/site\/wp-json\/wp\/v2\/categories?post=32604"},{"taxonomy":"post_tag","embeddable":true,"href":"https:\/\/blogdodanielgalvao.com.br\/site\/wp-json\/wp\/v2\/tags?post=32604"}],"curies":[{"name":"wp","href":"https:\/\/api.w.org\/{rel}","templated":true}]}}