{"id":32598,"date":"2026-04-24T16:12:26","date_gmt":"2026-04-24T19:12:26","guid":{"rendered":"https:\/\/blogdodanielgalvao.com.br\/site\/?p=32598"},"modified":"2026-04-24T16:12:30","modified_gmt":"2026-04-24T19:12:30","slug":"acesso-de-carros-as-prainhas-do-pontal-do-atalaia-pode-ser-restringido-em-arraial-do-cabo","status":"publish","type":"post","link":"https:\/\/blogdodanielgalvao.com.br\/site\/acesso-de-carros-as-prainhas-do-pontal-do-atalaia-pode-ser-restringido-em-arraial-do-cabo\/","title":{"rendered":"Acesso de carros \u00e0s Prainhas do Pontal do Atalaia pode ser restringido em Arraial do Cabo"},"content":{"rendered":"\n<p>Uma poss\u00edvel restri\u00e7\u00e3o ao acesso de ve\u00edculos particulares \u00e0s Prainhas do Pontal do Atalaia, em Arraial do Cabo, entrou no centro de um debate que envolve \u00f3rg\u00e3os ambientais e o poder p\u00fablico municipal. A proposta, prevista para entrar em vigor a partir de 1\u00ba de maio, tem como foco a preserva\u00e7\u00e3o de uma das \u00e1reas mais visitadas da Regi\u00e3o dos Lagos.<\/p>\n\n\n\n<p>A iniciativa teria sido constru\u00edda em conjunto pelo Minist\u00e9rio P\u00fablico do Estado do Rio de Janeiro, o Instituto Estadual do Ambiente e a administra\u00e7\u00e3o municipal, com o objetivo de reduzir os impactos causados pelo fluxo intenso e desordenado de ve\u00edculos. A preocupa\u00e7\u00e3o principal \u00e9 com a conserva\u00e7\u00e3o do Parque Estadual da Costa do Sol, \u00e1rea ambientalmente sens\u00edvel que abrange o Pontal do Atalaia.<\/p>\n\n\n\n<p>Pelas diretrizes discutidas, visitantes deixariam de acessar o local com carros pr\u00f3prios. O deslocamento passaria a ser permitido apenas por meio de t\u00e1xis, barcos-t\u00e1xi e ve\u00edculos por aplicativo. A medida tamb\u00e9m eliminaria vagas destinadas a turistas, o que, na pr\u00e1tica, encerraria a cobran\u00e7a de estacionamento na regi\u00e3o. Moradores manteriam o direito de acesso, mas com restri\u00e7\u00f5es para estacionar pr\u00f3ximo \u00e0 escadaria que leva \u00e0s praias.<\/p>\n\n\n\n<p>Apesar da repercuss\u00e3o, a Prefeitura de Arraial do Cabo afirma que, at\u00e9 o momento, n\u00e3o h\u00e1 qualquer mudan\u00e7a oficial nas regras. Em nota, o munic\u00edpio declarou que n\u00e3o procedem as informa\u00e7\u00f5es sobre altera\u00e7\u00f5es previstas para maio de 2026 e que o ordenamento atual segue inalterado.<\/p>\n\n\n\n<p>A gest\u00e3o municipal reconhece que existem negocia\u00e7\u00f5es em curso com o Minist\u00e9rio P\u00fablico, o INEA e a Associa\u00e7\u00e3o de Moradores do Condom\u00ednio Pontal do Atalaia para a renova\u00e7\u00e3o do Termo de Compromisso Ambiental. No entanto, refor\u00e7a que nenhuma decis\u00e3o foi formalizada, mantendo o cen\u00e1rio ainda indefinido para moradores e visitantes.&nbsp;&nbsp;&nbsp;<\/p>\n","protected":false},"excerpt":{"rendered":"<p>Uma poss\u00edvel restri\u00e7\u00e3o ao acesso de ve\u00edculos particulares \u00e0s Prainhas do Pontal do Atalaia, em Arraial do Cabo, entrou no centro de um debate que envolve \u00f3rg\u00e3os ambientais e o poder p\u00fablico municipal. A proposta, prevista para entrar em vigor a partir de 1\u00ba de maio, tem como foco a preserva\u00e7\u00e3o de uma das \u00e1reas [&hellip;]<\/p>\n","protected":false},"author":2,"featured_media":32599,"comment_status":"open","ping_status":"open","sticky":false,"template":"","format":"standard","meta":{"footnotes":""},"categories":[838],"tags":[],"class_list":["post-32598","post","type-post","status-publish","format-standard","has-post-thumbnail","hentry","category-arraial-do-cabo"],"_links":{"self":[{"href":"https:\/\/blogdodanielgalvao.com.br\/site\/wp-json\/wp\/v2\/posts\/32598","targetHints":{"allow":["GET"]}}],"collection":[{"href":"https:\/\/blogdodanielgalvao.com.br\/site\/wp-json\/wp\/v2\/posts"}],"about":[{"href":"https:\/\/blogdodanielgalvao.com.br\/site\/wp-json\/wp\/v2\/types\/post"}],"author":[{"embeddable":true,"href":"https:\/\/blogdodanielgalvao.com.br\/site\/wp-json\/wp\/v2\/users\/2"}],"replies":[{"embeddable":true,"href":"https:\/\/blogdodanielgalvao.com.br\/site\/wp-json\/wp\/v2\/comments?post=32598"}],"version-history":[{"count":1,"href":"https:\/\/blogdodanielgalvao.com.br\/site\/wp-json\/wp\/v2\/posts\/32598\/revisions"}],"predecessor-version":[{"id":32600,"href":"https:\/\/blogdodanielgalvao.com.br\/site\/wp-json\/wp\/v2\/posts\/32598\/revisions\/32600"}],"wp:featuredmedia":[{"embeddable":true,"href":"https:\/\/blogdodanielgalvao.com.br\/site\/wp-json\/wp\/v2\/media\/32599"}],"wp:attachment":[{"href":"https:\/\/blogdodanielgalvao.com.br\/site\/wp-json\/wp\/v2\/media?parent=32598"}],"wp:term":[{"taxonomy":"category","embeddable":true,"href":"https:\/\/blogdodanielgalvao.com.br\/site\/wp-json\/wp\/v2\/categories?post=32598"},{"taxonomy":"post_tag","embeddable":true,"href":"https:\/\/blogdodanielgalvao.com.br\/site\/wp-json\/wp\/v2\/tags?post=32598"}],"curies":[{"name":"wp","href":"https:\/\/api.w.org\/{rel}","templated":true}]}}