{"id":32595,"date":"2026-04-24T15:52:58","date_gmt":"2026-04-24T18:52:58","guid":{"rendered":"https:\/\/blogdodanielgalvao.com.br\/site\/?p=32595"},"modified":"2026-04-24T15:53:03","modified_gmt":"2026-04-24T18:53:03","slug":"cabo-frio-inicia-mutirao-para-reduzir-fila-de-biopsias-de-mama-e-tireoide","status":"publish","type":"post","link":"https:\/\/blogdodanielgalvao.com.br\/site\/cabo-frio-inicia-mutirao-para-reduzir-fila-de-biopsias-de-mama-e-tireoide\/","title":{"rendered":"Cabo Frio inicia mutir\u00e3o para reduzir fila de bi\u00f3psias de mama e tireoide"},"content":{"rendered":"\n<p>A rede municipal de sa\u00fade de Cabo Frio d\u00e1 in\u00edcio, na pr\u00f3xima segunda-feira (27), a um mutir\u00e3o voltado \u00e0 realiza\u00e7\u00e3o de bi\u00f3psias de mama e tireoide. A iniciativa ser\u00e1 concentrada no PAM de S\u00e3o Crist\u00f3v\u00e3o e tem como principal meta eliminar a fila de espera para esses exames, considerados essenciais na investiga\u00e7\u00e3o de poss\u00edveis casos de c\u00e2ncer.<\/p>\n\n\n\n<p>A estrat\u00e9gia prev\u00ea a amplia\u00e7\u00e3o da oferta mensal, com a execu\u00e7\u00e3o de pelo menos 35 novos procedimentos, sempre concentrados na \u00faltima semana de cada m\u00eas. A medida complementa os exames j\u00e1 realizados pelas unidades p\u00fablicas e por prestadores credenciados, buscando dar mais rapidez \u00e0 entrega dos laudos e, consequentemente, ao in\u00edcio de tratamentos quando necess\u00e1rio.<\/p>\n\n\n\n<p>Pacientes que j\u00e1 possuem solicita\u00e7\u00e3o regulada devem aguardar o contato da equipe de regula\u00e7\u00e3o da Secretaria Municipal de Sa\u00fade para o agendamento. J\u00e1 os novos pedidos ser\u00e3o inseridos pelas unidades de atendimento e seguir\u00e3o o fluxo de regula\u00e7\u00e3o at\u00e9 a marca\u00e7\u00e3o do exame.<\/p>\n\n\n\n<p>De acordo com o secret\u00e1rio-adjunto de Aten\u00e7\u00e3o \u00e0 Sa\u00fade, Illo Rangel, a a\u00e7\u00e3o marca o in\u00edcio de um conjunto mais amplo de medidas para enfrentar a demanda reprimida no munic\u00edpio. &#8220;A proposta \u00e9 come\u00e7ar pelas bi\u00f3psias de mama e tireoide e avan\u00e7ar, nas pr\u00f3ximas etapas, para pacientes com suspeita de c\u00e2ncer de pr\u00f3stata. A ideia \u00e9 expandir esse modelo para outras especialidades e procedimentos&#8221;, afirmou.<\/p>\n\n\n\n<p>A secret\u00e1ria municipal de Sa\u00fade, Beatriz Trindade, refor\u00e7ou que a iniciativa integra um esfor\u00e7o cont\u00ednuo para reduzir gargalos hist\u00f3ricos no sistema p\u00fablico. &#8220;Estamos avan\u00e7ando com a\u00e7\u00f5es pr\u00e1ticas para garantir mais agilidade e qualidade no atendimento, oferecendo um servi\u00e7o cada vez mais eficiente e humanizado \u00e0 popula\u00e7\u00e3o&#8221;, destacou. A mobiliza\u00e7\u00e3o faz parte de um pacote de a\u00e7\u00f5es voltadas \u00e0 reorganiza\u00e7\u00e3o da rede municipal e \u00e0 melhoria do acesso a exames e tratamentos especializados.<\/p>\n","protected":false},"excerpt":{"rendered":"<p>A rede municipal de sa\u00fade de Cabo Frio d\u00e1 in\u00edcio, na pr\u00f3xima segunda-feira (27), a um mutir\u00e3o voltado \u00e0 realiza\u00e7\u00e3o de bi\u00f3psias de mama e tireoide. A iniciativa ser\u00e1 concentrada no PAM de S\u00e3o Crist\u00f3v\u00e3o e tem como principal meta eliminar a fila de espera para esses exames, considerados essenciais na investiga\u00e7\u00e3o de poss\u00edveis casos [&hellip;]<\/p>\n","protected":false},"author":2,"featured_media":32596,"comment_status":"open","ping_status":"open","sticky":false,"template":"","format":"standard","meta":{"footnotes":""},"categories":[340],"tags":[],"class_list":["post-32595","post","type-post","status-publish","format-standard","has-post-thumbnail","hentry","category-cabo-frio"],"_links":{"self":[{"href":"https:\/\/blogdodanielgalvao.com.br\/site\/wp-json\/wp\/v2\/posts\/32595","targetHints":{"allow":["GET"]}}],"collection":[{"href":"https:\/\/blogdodanielgalvao.com.br\/site\/wp-json\/wp\/v2\/posts"}],"about":[{"href":"https:\/\/blogdodanielgalvao.com.br\/site\/wp-json\/wp\/v2\/types\/post"}],"author":[{"embeddable":true,"href":"https:\/\/blogdodanielgalvao.com.br\/site\/wp-json\/wp\/v2\/users\/2"}],"replies":[{"embeddable":true,"href":"https:\/\/blogdodanielgalvao.com.br\/site\/wp-json\/wp\/v2\/comments?post=32595"}],"version-history":[{"count":1,"href":"https:\/\/blogdodanielgalvao.com.br\/site\/wp-json\/wp\/v2\/posts\/32595\/revisions"}],"predecessor-version":[{"id":32597,"href":"https:\/\/blogdodanielgalvao.com.br\/site\/wp-json\/wp\/v2\/posts\/32595\/revisions\/32597"}],"wp:featuredmedia":[{"embeddable":true,"href":"https:\/\/blogdodanielgalvao.com.br\/site\/wp-json\/wp\/v2\/media\/32596"}],"wp:attachment":[{"href":"https:\/\/blogdodanielgalvao.com.br\/site\/wp-json\/wp\/v2\/media?parent=32595"}],"wp:term":[{"taxonomy":"category","embeddable":true,"href":"https:\/\/blogdodanielgalvao.com.br\/site\/wp-json\/wp\/v2\/categories?post=32595"},{"taxonomy":"post_tag","embeddable":true,"href":"https:\/\/blogdodanielgalvao.com.br\/site\/wp-json\/wp\/v2\/tags?post=32595"}],"curies":[{"name":"wp","href":"https:\/\/api.w.org\/{rel}","templated":true}]}}