{"id":32571,"date":"2026-04-24T11:32:08","date_gmt":"2026-04-24T14:32:08","guid":{"rendered":"https:\/\/blogdodanielgalvao.com.br\/site\/?p=32571"},"modified":"2026-04-24T11:32:14","modified_gmt":"2026-04-24T14:32:14","slug":"policia-de-saquarema-prende-2-homens-acusados-de-roubo-na-regiao","status":"publish","type":"post","link":"https:\/\/blogdodanielgalvao.com.br\/site\/policia-de-saquarema-prende-2-homens-acusados-de-roubo-na-regiao\/","title":{"rendered":"Pol\u00edcia de Saquarema prende 2 homens acusados de roubo na regi\u00e3o"},"content":{"rendered":"\n<p>A Pol\u00edcia prendeu, nessa quinta-feira, 23, feriado de S\u00e3o Jorge, em Saquarema, 2 homens acusados de participarem de roubos na RJ-140, na altura do quil\u00f4metro 12 (Km 12), em S\u00e3o Pedro da Aldeia.<\/p>\n\n\n\n<p>A a\u00e7\u00e3o aconteceu depois que os agentes receberam informa\u00e7\u00f5es sobre os 2 suspeitos dentro de um carro Chevrolet Onix Joy prata, que estariam fugindo de um cerco da Pol\u00edcia Militar, saindo da RJ-140 para a RJ-106.<\/p>\n\n\n\n<p>Depois de identificar o ve\u00edculo, os policiais conseguiram fazer a abordagem, encontrando os 2 homens, um de 36 anos, que apresentava sangramento no p\u00e9, e outro, de 21 anos, que tinha duas anota\u00e7\u00f5es criminais, al\u00e9m de ferimento por arma de fogo.<\/p>\n\n\n\n<p>Dentro do carro, os agentes encontraram 4 telefones celulares, uma m\u00e1quina de cart\u00e3o, 3 cart\u00f5es banc\u00e1rios, 1 alicate, 3 objetos usados para embalar drogas e 16 reais em dinheiro.<\/p>\n\n\n\n<p>Depois de detidos, os acusados foram colocados na viatura e levados para o Hospital Municipal Dr. Ernesto Che Guevara, em Maric\u00e1, onde receberam atendimento m\u00e9dico, sendo, em seguida, levados para a 124\u00aa Delegacia de Pol\u00edcia Civil (124\u00aa DP), de Saquarema, onde foram colocados atr\u00e1s das grandes.<\/p>\n","protected":false},"excerpt":{"rendered":"<p>A Pol\u00edcia prendeu, nessa quinta-feira, 23, feriado de S\u00e3o Jorge, em Saquarema, 2 homens acusados de participarem de roubos na RJ-140, na altura do quil\u00f4metro 12 (Km 12), em S\u00e3o Pedro da Aldeia. A a\u00e7\u00e3o aconteceu depois que os agentes receberam informa\u00e7\u00f5es sobre os 2 suspeitos dentro de um carro Chevrolet Onix Joy prata, que [&hellip;]<\/p>\n","protected":false},"author":2,"featured_media":32573,"comment_status":"open","ping_status":"open","sticky":false,"template":"","format":"standard","meta":{"footnotes":""},"categories":[1885],"tags":[],"class_list":["post-32571","post","type-post","status-publish","format-standard","has-post-thumbnail","hentry","category-saquarema"],"_links":{"self":[{"href":"https:\/\/blogdodanielgalvao.com.br\/site\/wp-json\/wp\/v2\/posts\/32571","targetHints":{"allow":["GET"]}}],"collection":[{"href":"https:\/\/blogdodanielgalvao.com.br\/site\/wp-json\/wp\/v2\/posts"}],"about":[{"href":"https:\/\/blogdodanielgalvao.com.br\/site\/wp-json\/wp\/v2\/types\/post"}],"author":[{"embeddable":true,"href":"https:\/\/blogdodanielgalvao.com.br\/site\/wp-json\/wp\/v2\/users\/2"}],"replies":[{"embeddable":true,"href":"https:\/\/blogdodanielgalvao.com.br\/site\/wp-json\/wp\/v2\/comments?post=32571"}],"version-history":[{"count":1,"href":"https:\/\/blogdodanielgalvao.com.br\/site\/wp-json\/wp\/v2\/posts\/32571\/revisions"}],"predecessor-version":[{"id":32575,"href":"https:\/\/blogdodanielgalvao.com.br\/site\/wp-json\/wp\/v2\/posts\/32571\/revisions\/32575"}],"wp:featuredmedia":[{"embeddable":true,"href":"https:\/\/blogdodanielgalvao.com.br\/site\/wp-json\/wp\/v2\/media\/32573"}],"wp:attachment":[{"href":"https:\/\/blogdodanielgalvao.com.br\/site\/wp-json\/wp\/v2\/media?parent=32571"}],"wp:term":[{"taxonomy":"category","embeddable":true,"href":"https:\/\/blogdodanielgalvao.com.br\/site\/wp-json\/wp\/v2\/categories?post=32571"},{"taxonomy":"post_tag","embeddable":true,"href":"https:\/\/blogdodanielgalvao.com.br\/site\/wp-json\/wp\/v2\/tags?post=32571"}],"curies":[{"name":"wp","href":"https:\/\/api.w.org\/{rel}","templated":true}]}}