{"id":32570,"date":"2026-04-24T11:31:27","date_gmt":"2026-04-24T14:31:27","guid":{"rendered":"https:\/\/blogdodanielgalvao.com.br\/site\/?p=32570"},"modified":"2026-04-24T11:31:33","modified_gmt":"2026-04-24T14:31:33","slug":"veiculo-roubado-em-trajano-de-moraes-e-localizado-em-macae","status":"publish","type":"post","link":"https:\/\/blogdodanielgalvao.com.br\/site\/veiculo-roubado-em-trajano-de-moraes-e-localizado-em-macae\/","title":{"rendered":"Ve\u00edculo roubado em Trajano de Moraes \u00e9 localizado em Maca\u00e9"},"content":{"rendered":"\n<p>Uma moto roubada foi recuperada pelas for\u00e7as de seguran\u00e7a em Maca\u00e9. O ve\u00edculo foi recuperado por policiais militares do 32\u00ba BPM no Sana, na regi\u00e3o serrana. A a\u00e7\u00e3o foi realizada gra\u00e7as a uma den\u00fancia an\u00f4nima. A ocorr\u00eancia tamb\u00e9m contou com o apoio da Guarda Municipal de Maca\u00e9 e a Mobilidade Urbana.<\/p>\n\n\n\n<p>De acordo com a pol\u00edcia, a moto constava com registro de roubo ocorrido no munic\u00edpio de Trajano de Moraes. A den\u00fancia levou os agentes at\u00e9 o paradeiro do ve\u00edculo, no Sana.<\/p>\n\n\n\n<p>Ap\u00f3s localizar o ve\u00edculo, os policiais confirmaram se tratar da mesma moto com registro de roubo e a apreenderam. Na sequ\u00eancia, ela foi conduzida para a 123\u00aa DP, para a realiza\u00e7\u00e3o dos procedimentos legais.<\/p>\n","protected":false},"excerpt":{"rendered":"<p>Uma moto roubada foi recuperada pelas for\u00e7as de seguran\u00e7a em Maca\u00e9. O ve\u00edculo foi recuperado por policiais militares do 32\u00ba BPM no Sana, na regi\u00e3o serrana. A a\u00e7\u00e3o foi realizada gra\u00e7as a uma den\u00fancia an\u00f4nima. A ocorr\u00eancia tamb\u00e9m contou com o apoio da Guarda Municipal de Maca\u00e9 e a Mobilidade Urbana. De acordo com a [&hellip;]<\/p>\n","protected":false},"author":2,"featured_media":32572,"comment_status":"open","ping_status":"open","sticky":false,"template":"","format":"standard","meta":{"footnotes":""},"categories":[1899],"tags":[494],"class_list":["post-32570","post","type-post","status-publish","format-standard","has-post-thumbnail","hentry","category-policia","tag-policia"],"_links":{"self":[{"href":"https:\/\/blogdodanielgalvao.com.br\/site\/wp-json\/wp\/v2\/posts\/32570","targetHints":{"allow":["GET"]}}],"collection":[{"href":"https:\/\/blogdodanielgalvao.com.br\/site\/wp-json\/wp\/v2\/posts"}],"about":[{"href":"https:\/\/blogdodanielgalvao.com.br\/site\/wp-json\/wp\/v2\/types\/post"}],"author":[{"embeddable":true,"href":"https:\/\/blogdodanielgalvao.com.br\/site\/wp-json\/wp\/v2\/users\/2"}],"replies":[{"embeddable":true,"href":"https:\/\/blogdodanielgalvao.com.br\/site\/wp-json\/wp\/v2\/comments?post=32570"}],"version-history":[{"count":1,"href":"https:\/\/blogdodanielgalvao.com.br\/site\/wp-json\/wp\/v2\/posts\/32570\/revisions"}],"predecessor-version":[{"id":32574,"href":"https:\/\/blogdodanielgalvao.com.br\/site\/wp-json\/wp\/v2\/posts\/32570\/revisions\/32574"}],"wp:featuredmedia":[{"embeddable":true,"href":"https:\/\/blogdodanielgalvao.com.br\/site\/wp-json\/wp\/v2\/media\/32572"}],"wp:attachment":[{"href":"https:\/\/blogdodanielgalvao.com.br\/site\/wp-json\/wp\/v2\/media?parent=32570"}],"wp:term":[{"taxonomy":"category","embeddable":true,"href":"https:\/\/blogdodanielgalvao.com.br\/site\/wp-json\/wp\/v2\/categories?post=32570"},{"taxonomy":"post_tag","embeddable":true,"href":"https:\/\/blogdodanielgalvao.com.br\/site\/wp-json\/wp\/v2\/tags?post=32570"}],"curies":[{"name":"wp","href":"https:\/\/api.w.org\/{rel}","templated":true}]}}