{"id":32567,"date":"2026-04-24T11:28:44","date_gmt":"2026-04-24T14:28:44","guid":{"rendered":"https:\/\/blogdodanielgalvao.com.br\/site\/?p=32567"},"modified":"2026-04-24T11:28:51","modified_gmt":"2026-04-24T14:28:51","slug":"guarda-municipal-localiza-familia-de-crianca-perdida-na-prainha-em-arraial-do-cabo","status":"publish","type":"post","link":"https:\/\/blogdodanielgalvao.com.br\/site\/guarda-municipal-localiza-familia-de-crianca-perdida-na-prainha-em-arraial-do-cabo\/","title":{"rendered":"Guarda Municipal localiza fam\u00edlia de crian\u00e7a perdida na Prainha em Arraial do Cabo"},"content":{"rendered":"\n<p>O que come\u00e7ou como um momento de tens\u00e3o terminou em al\u00edvio na tarde desta quinta-feira (23), em Arraial do Cabo. Uma crian\u00e7a que havia se perdido nas proximidades da orla da Prainha conseguiu reencontrar a fam\u00edlia ap\u00f3s mobiliza\u00e7\u00e3o da Guarda Civil Municipal.<\/p>\n\n\n\n<p>O reencontro ocorreu depois que agentes da Ronda Ostensiva Municipal (ROMU), vinculada \u00e0 Secretaria de Seguran\u00e7a P\u00fablica, iniciaram buscas pela regi\u00e3o. Durante o patrulhamento, a equipe identificou um grupo de pessoas visivelmente aflito, momento em que o menino reconheceu imediatamente os familiares.<\/p>\n\n\n\n<p>Antes da chegada dos agentes, comerciantes da \u00e1rea prestaram apoio inicial ao garoto. Ao perceberem que ele estava desacompanhado, mantiveram a crian\u00e7a em seguran\u00e7a e acionaram ajuda.<\/p>\n\n\n\n<p>A ocorr\u00eancia mobilizou moradores e trabalhadores locais, que contribu\u00edram para um desfecho r\u00e1pido. Ap\u00f3s o reencontro, o menino foi entregue aos respons\u00e1veis, que agradeceram a atua\u00e7\u00e3o dos agentes e o suporte dos comerciantes.&nbsp;&nbsp;&nbsp;<\/p>\n","protected":false},"excerpt":{"rendered":"<p>O que come\u00e7ou como um momento de tens\u00e3o terminou em al\u00edvio na tarde desta quinta-feira (23), em Arraial do Cabo. Uma crian\u00e7a que havia se perdido nas proximidades da orla da Prainha conseguiu reencontrar a fam\u00edlia ap\u00f3s mobiliza\u00e7\u00e3o da Guarda Civil Municipal. O reencontro ocorreu depois que agentes da Ronda Ostensiva Municipal (ROMU), vinculada \u00e0 [&hellip;]<\/p>\n","protected":false},"author":2,"featured_media":32568,"comment_status":"open","ping_status":"open","sticky":false,"template":"","format":"standard","meta":{"footnotes":""},"categories":[838],"tags":[],"class_list":["post-32567","post","type-post","status-publish","format-standard","has-post-thumbnail","hentry","category-arraial-do-cabo"],"_links":{"self":[{"href":"https:\/\/blogdodanielgalvao.com.br\/site\/wp-json\/wp\/v2\/posts\/32567","targetHints":{"allow":["GET"]}}],"collection":[{"href":"https:\/\/blogdodanielgalvao.com.br\/site\/wp-json\/wp\/v2\/posts"}],"about":[{"href":"https:\/\/blogdodanielgalvao.com.br\/site\/wp-json\/wp\/v2\/types\/post"}],"author":[{"embeddable":true,"href":"https:\/\/blogdodanielgalvao.com.br\/site\/wp-json\/wp\/v2\/users\/2"}],"replies":[{"embeddable":true,"href":"https:\/\/blogdodanielgalvao.com.br\/site\/wp-json\/wp\/v2\/comments?post=32567"}],"version-history":[{"count":1,"href":"https:\/\/blogdodanielgalvao.com.br\/site\/wp-json\/wp\/v2\/posts\/32567\/revisions"}],"predecessor-version":[{"id":32569,"href":"https:\/\/blogdodanielgalvao.com.br\/site\/wp-json\/wp\/v2\/posts\/32567\/revisions\/32569"}],"wp:featuredmedia":[{"embeddable":true,"href":"https:\/\/blogdodanielgalvao.com.br\/site\/wp-json\/wp\/v2\/media\/32568"}],"wp:attachment":[{"href":"https:\/\/blogdodanielgalvao.com.br\/site\/wp-json\/wp\/v2\/media?parent=32567"}],"wp:term":[{"taxonomy":"category","embeddable":true,"href":"https:\/\/blogdodanielgalvao.com.br\/site\/wp-json\/wp\/v2\/categories?post=32567"},{"taxonomy":"post_tag","embeddable":true,"href":"https:\/\/blogdodanielgalvao.com.br\/site\/wp-json\/wp\/v2\/tags?post=32567"}],"curies":[{"name":"wp","href":"https:\/\/api.w.org\/{rel}","templated":true}]}}