{"id":32564,"date":"2026-04-24T11:25:28","date_gmt":"2026-04-24T14:25:28","guid":{"rendered":"https:\/\/blogdodanielgalvao.com.br\/site\/?p=32564"},"modified":"2026-04-24T11:25:37","modified_gmt":"2026-04-24T14:25:37","slug":"arraial-do-cabo-abre-mostra-de-danca-com-noite-marcada-por-emocao-e-diversidade-cultural","status":"publish","type":"post","link":"https:\/\/blogdodanielgalvao.com.br\/site\/arraial-do-cabo-abre-mostra-de-danca-com-noite-marcada-por-emocao-e-diversidade-cultural\/","title":{"rendered":"Arraial do Cabo abre mostra de dan\u00e7a com noite marcada por emo\u00e7\u00e3o e diversidade cultural"},"content":{"rendered":"\n<p>A Pra\u00e7a Victorino Carri\u00e7o, em Arraial do Cabo, voltou a ser palco de apresenta\u00e7\u00f5es nesta sexta-feira (24), a partir das 19h, dando continuidade \u00e0 1\u00aa Mostra Regional de Dan\u00e7a. O evento re\u00fane grupos de diferentes cidades e amplia a programa\u00e7\u00e3o cultural no munic\u00edpio.<\/p>\n\n\n\n<p>Na sequ\u00eancia da mostra, est\u00e3o previstas apresenta\u00e7\u00f5es com escolas de Casimiro de Abreu, Rio das Ostras e Saquarema, al\u00e9m de grupos locais e de Cabo Frio. A iniciativa integra a agenda comemorativa do m\u00eas dedicado \u00e0 dan\u00e7a, celebrado internacionalmente no dia 29 de abril.<\/p>\n\n\n\n<p>A abertura, realizada na noite de quinta-feira (23), reuniu grande p\u00fablico e destacou a diversidade art\u00edstica da Regi\u00e3o dos Lagos. Ao todo, oito escolas participaram do primeiro dia, representando Arraial do Cabo, Cabo Frio e Arma\u00e7\u00e3o dos B\u00fazios.<\/p>\n\n\n\n<p>Com estilos variados, as apresenta\u00e7\u00f5es inclu\u00edram ballet cl\u00e1ssico, dan\u00e7a contempor\u00e2nea, charme, dan\u00e7as urbanas e dan\u00e7a do ventre, formando um panorama plural da produ\u00e7\u00e3o cultural local.<\/p>\n\n\n\n<p>A secret\u00e1ria de Cultura e Economia Criativa, Ingrid Silveira Pendle, ressaltou o papel do evento no fortalecimento das express\u00f5es art\u00edsticas regionais. \u201c\u00c9 de grande import\u00e2ncia para a nossa Secretaria realizar um evento como esse, que re\u00fane grupos de toda a nossa regi\u00e3o, incluindo munic\u00edpios da Costa do Sol. A gente valoriza e abra\u00e7a a cultura local, porque sabemos o quanto \u00e9 essencial preservar e divulgar o trabalho dos fazedores de cultura. \u00c9 por meio deles que a cultura segue viva\u201d, declarou.<\/p>\n\n\n\n<p>A mostra \u00e9 promovida pela Prefeitura como parte das a\u00e7\u00f5es voltadas \u00e0 valoriza\u00e7\u00e3o dos artistas locais e ao incentivo \u00e0 circula\u00e7\u00e3o cultural entre munic\u00edpios da regi\u00e3o.&nbsp;&nbsp;&nbsp;&nbsp;<\/p>\n","protected":false},"excerpt":{"rendered":"<p>A Pra\u00e7a Victorino Carri\u00e7o, em Arraial do Cabo, voltou a ser palco de apresenta\u00e7\u00f5es nesta sexta-feira (24), a partir das 19h, dando continuidade \u00e0 1\u00aa Mostra Regional de Dan\u00e7a. O evento re\u00fane grupos de diferentes cidades e amplia a programa\u00e7\u00e3o cultural no munic\u00edpio. Na sequ\u00eancia da mostra, est\u00e3o previstas apresenta\u00e7\u00f5es com escolas de Casimiro de [&hellip;]<\/p>\n","protected":false},"author":2,"featured_media":32565,"comment_status":"open","ping_status":"open","sticky":false,"template":"","format":"standard","meta":{"footnotes":""},"categories":[838,2981],"tags":[],"class_list":["post-32564","post","type-post","status-publish","format-standard","has-post-thumbnail","hentry","category-arraial-do-cabo","category-destaque-noticia-3"],"_links":{"self":[{"href":"https:\/\/blogdodanielgalvao.com.br\/site\/wp-json\/wp\/v2\/posts\/32564","targetHints":{"allow":["GET"]}}],"collection":[{"href":"https:\/\/blogdodanielgalvao.com.br\/site\/wp-json\/wp\/v2\/posts"}],"about":[{"href":"https:\/\/blogdodanielgalvao.com.br\/site\/wp-json\/wp\/v2\/types\/post"}],"author":[{"embeddable":true,"href":"https:\/\/blogdodanielgalvao.com.br\/site\/wp-json\/wp\/v2\/users\/2"}],"replies":[{"embeddable":true,"href":"https:\/\/blogdodanielgalvao.com.br\/site\/wp-json\/wp\/v2\/comments?post=32564"}],"version-history":[{"count":1,"href":"https:\/\/blogdodanielgalvao.com.br\/site\/wp-json\/wp\/v2\/posts\/32564\/revisions"}],"predecessor-version":[{"id":32566,"href":"https:\/\/blogdodanielgalvao.com.br\/site\/wp-json\/wp\/v2\/posts\/32564\/revisions\/32566"}],"wp:featuredmedia":[{"embeddable":true,"href":"https:\/\/blogdodanielgalvao.com.br\/site\/wp-json\/wp\/v2\/media\/32565"}],"wp:attachment":[{"href":"https:\/\/blogdodanielgalvao.com.br\/site\/wp-json\/wp\/v2\/media?parent=32564"}],"wp:term":[{"taxonomy":"category","embeddable":true,"href":"https:\/\/blogdodanielgalvao.com.br\/site\/wp-json\/wp\/v2\/categories?post=32564"},{"taxonomy":"post_tag","embeddable":true,"href":"https:\/\/blogdodanielgalvao.com.br\/site\/wp-json\/wp\/v2\/tags?post=32564"}],"curies":[{"name":"wp","href":"https:\/\/api.w.org\/{rel}","templated":true}]}}