{"id":32560,"date":"2026-04-24T11:05:01","date_gmt":"2026-04-24T14:05:01","guid":{"rendered":"https:\/\/blogdodanielgalvao.com.br\/site\/?p=32560"},"modified":"2026-04-24T11:05:12","modified_gmt":"2026-04-24T14:05:12","slug":"policia-civil-intensifica-combate-ao-trafico-e-realiza-prisao-em-flagrante-em-macae","status":"publish","type":"post","link":"https:\/\/blogdodanielgalvao.com.br\/site\/policia-civil-intensifica-combate-ao-trafico-e-realiza-prisao-em-flagrante-em-macae\/","title":{"rendered":"Pol\u00edcia Civil intensifica combate ao tr\u00e1fico e realiza pris\u00e3o em flagrante em Maca\u00e9"},"content":{"rendered":"\n<p>A Pol\u00edcia Civil de Maca\u00e9 prendeu em flagrante na \u00faltima quinta-feira (23) um homem por envolvimento com o tr\u00e1fico de drogas. Ele foi localizado e capturado em uma opera\u00e7\u00e3o no bairro Bras\u00edlia e que contou com a coordena\u00e7\u00e3o dos delegados Dr. Pedro Em\u00edlio e Dr. Victor Azevedo.<\/p>\n\n\n\n<p>Segundo informa\u00e7\u00f5es, os agentes realizavam dilig\u00eancias na Rua Caetano Correia Reis, quando avistaram um grupo de pessoas em movimenta\u00e7\u00e3o t\u00edpica do tr\u00e1fico. Um deles foi abordado e portava uma sacola com 43 sacol\u00e9s de coca\u00edna, al\u00e9m de dinheiro em esp\u00e9cie.<\/p>\n\n\n\n<p>Ap\u00f3s consulta ao sistema, os agentes constataram que o acusado tinha um mandado de pris\u00e3o em aberto, expedido pela Vara de Execu\u00e7\u00f5es Penais do TJRJ.<\/p>\n\n\n\n<p>A pol\u00edcia afirma tamb\u00e9m ter encontrado no local uma moto Honda XRE 190 com sinais de adultera\u00e7\u00e3o na placa. Os agentes informaram que a placa estava coberta com uma fita adesiva.<\/p>\n\n\n\n<p>Diante dos fatos, o indiv\u00edduo foi conduzido \u00e0 123\u00aa DP, sendo autuado em flagrante e permanecendo \u00e0 disposi\u00e7\u00e3o da Justi\u00e7a.<\/p>\n","protected":false},"excerpt":{"rendered":"<p>A Pol\u00edcia Civil de Maca\u00e9 prendeu em flagrante na \u00faltima quinta-feira (23) um homem por envolvimento com o tr\u00e1fico de drogas. Ele foi localizado e capturado em uma opera\u00e7\u00e3o no bairro Bras\u00edlia e que contou com a coordena\u00e7\u00e3o dos delegados Dr. Pedro Em\u00edlio e Dr. Victor Azevedo. Segundo informa\u00e7\u00f5es, os agentes realizavam dilig\u00eancias na Rua [&hellip;]<\/p>\n","protected":false},"author":2,"featured_media":32561,"comment_status":"open","ping_status":"open","sticky":false,"template":"","format":"standard","meta":{"footnotes":""},"categories":[1899],"tags":[],"class_list":["post-32560","post","type-post","status-publish","format-standard","has-post-thumbnail","hentry","category-policia"],"_links":{"self":[{"href":"https:\/\/blogdodanielgalvao.com.br\/site\/wp-json\/wp\/v2\/posts\/32560","targetHints":{"allow":["GET"]}}],"collection":[{"href":"https:\/\/blogdodanielgalvao.com.br\/site\/wp-json\/wp\/v2\/posts"}],"about":[{"href":"https:\/\/blogdodanielgalvao.com.br\/site\/wp-json\/wp\/v2\/types\/post"}],"author":[{"embeddable":true,"href":"https:\/\/blogdodanielgalvao.com.br\/site\/wp-json\/wp\/v2\/users\/2"}],"replies":[{"embeddable":true,"href":"https:\/\/blogdodanielgalvao.com.br\/site\/wp-json\/wp\/v2\/comments?post=32560"}],"version-history":[{"count":2,"href":"https:\/\/blogdodanielgalvao.com.br\/site\/wp-json\/wp\/v2\/posts\/32560\/revisions"}],"predecessor-version":[{"id":32563,"href":"https:\/\/blogdodanielgalvao.com.br\/site\/wp-json\/wp\/v2\/posts\/32560\/revisions\/32563"}],"wp:featuredmedia":[{"embeddable":true,"href":"https:\/\/blogdodanielgalvao.com.br\/site\/wp-json\/wp\/v2\/media\/32561"}],"wp:attachment":[{"href":"https:\/\/blogdodanielgalvao.com.br\/site\/wp-json\/wp\/v2\/media?parent=32560"}],"wp:term":[{"taxonomy":"category","embeddable":true,"href":"https:\/\/blogdodanielgalvao.com.br\/site\/wp-json\/wp\/v2\/categories?post=32560"},{"taxonomy":"post_tag","embeddable":true,"href":"https:\/\/blogdodanielgalvao.com.br\/site\/wp-json\/wp\/v2\/tags?post=32560"}],"curies":[{"name":"wp","href":"https:\/\/api.w.org\/{rel}","templated":true}]}}