{"id":32539,"date":"2026-04-22T16:24:35","date_gmt":"2026-04-22T19:24:35","guid":{"rendered":"https:\/\/blogdodanielgalvao.com.br\/site\/?p=32539"},"modified":"2026-04-22T16:24:43","modified_gmt":"2026-04-22T19:24:43","slug":"acoes-de-transito-continuam-apos-alto-numero-de-remocoes-e-infracoes-em-campos","status":"publish","type":"post","link":"https:\/\/blogdodanielgalvao.com.br\/site\/acoes-de-transito-continuam-apos-alto-numero-de-remocoes-e-infracoes-em-campos\/","title":{"rendered":"A\u00e7\u00f5es de tr\u00e2nsito continuam ap\u00f3s alto n\u00famero de remo\u00e7\u00f5es e infra\u00e7\u00f5es em Campos"},"content":{"rendered":"\n<p>Em Campos, as a\u00e7\u00f5es de fiscaliza\u00e7\u00f5es no tr\u00e2nsito foram intensificadas nos \u00faltimos dias. Foram realizadas diversas abordagens em pontos estrat\u00e9gicos com o objetivo de refor\u00e7ar a seguran\u00e7a e tamb\u00e9m combater irregularidades no tr\u00e2nsito.<\/p>\n\n\n\n<p>A opera\u00e7\u00e3o mobilizou equipes da Pol\u00edcia Militar, que trabalharam em conjunto com a Secretaria Municipal de Seguran\u00e7a e Ordem P\u00fablica. A Guarda Municipal tamb\u00e9m participou das a\u00e7\u00f5es.<\/p>\n\n\n\n<p>As a\u00e7\u00f5es tiveram in\u00edcio na sexta-feira (17). At\u00e9 o domingo (19), j\u00e1 haviam sido realizadas 259 abordagens, com 101 ve\u00edculos removidos para o p\u00e1tio. Na \u00faltima segunda (20) foram mais 112 abordagens, com 36 remo\u00e7\u00f5es.<\/p>\n\n\n\n<p>Por conta do feriado, \u00e9 comum uma maior circula\u00e7\u00e3o de ve\u00edculos na cidade. Exatamente por isso, as opera\u00e7\u00f5es devem continuar nos pr\u00f3ximos dias.<\/p>\n","protected":false},"excerpt":{"rendered":"<p>Em Campos, as a\u00e7\u00f5es de fiscaliza\u00e7\u00f5es no tr\u00e2nsito foram intensificadas nos \u00faltimos dias. Foram realizadas diversas abordagens em pontos estrat\u00e9gicos com o objetivo de refor\u00e7ar a seguran\u00e7a e tamb\u00e9m combater irregularidades no tr\u00e2nsito. A opera\u00e7\u00e3o mobilizou equipes da Pol\u00edcia Militar, que trabalharam em conjunto com a Secretaria Municipal de Seguran\u00e7a e Ordem P\u00fablica. A Guarda [&hellip;]<\/p>\n","protected":false},"author":2,"featured_media":32540,"comment_status":"open","ping_status":"open","sticky":false,"template":"","format":"standard","meta":{"footnotes":""},"categories":[3],"tags":[],"class_list":["post-32539","post","type-post","status-publish","format-standard","has-post-thumbnail","hentry","category-campos"],"_links":{"self":[{"href":"https:\/\/blogdodanielgalvao.com.br\/site\/wp-json\/wp\/v2\/posts\/32539","targetHints":{"allow":["GET"]}}],"collection":[{"href":"https:\/\/blogdodanielgalvao.com.br\/site\/wp-json\/wp\/v2\/posts"}],"about":[{"href":"https:\/\/blogdodanielgalvao.com.br\/site\/wp-json\/wp\/v2\/types\/post"}],"author":[{"embeddable":true,"href":"https:\/\/blogdodanielgalvao.com.br\/site\/wp-json\/wp\/v2\/users\/2"}],"replies":[{"embeddable":true,"href":"https:\/\/blogdodanielgalvao.com.br\/site\/wp-json\/wp\/v2\/comments?post=32539"}],"version-history":[{"count":1,"href":"https:\/\/blogdodanielgalvao.com.br\/site\/wp-json\/wp\/v2\/posts\/32539\/revisions"}],"predecessor-version":[{"id":32541,"href":"https:\/\/blogdodanielgalvao.com.br\/site\/wp-json\/wp\/v2\/posts\/32539\/revisions\/32541"}],"wp:featuredmedia":[{"embeddable":true,"href":"https:\/\/blogdodanielgalvao.com.br\/site\/wp-json\/wp\/v2\/media\/32540"}],"wp:attachment":[{"href":"https:\/\/blogdodanielgalvao.com.br\/site\/wp-json\/wp\/v2\/media?parent=32539"}],"wp:term":[{"taxonomy":"category","embeddable":true,"href":"https:\/\/blogdodanielgalvao.com.br\/site\/wp-json\/wp\/v2\/categories?post=32539"},{"taxonomy":"post_tag","embeddable":true,"href":"https:\/\/blogdodanielgalvao.com.br\/site\/wp-json\/wp\/v2\/tags?post=32539"}],"curies":[{"name":"wp","href":"https:\/\/api.w.org\/{rel}","templated":true}]}}