{"id":32536,"date":"2026-04-22T16:20:38","date_gmt":"2026-04-22T19:20:38","guid":{"rendered":"https:\/\/blogdodanielgalvao.com.br\/site\/?p=32536"},"modified":"2026-04-22T16:20:45","modified_gmt":"2026-04-22T19:20:45","slug":"akilys-leva-o-nome-de-macae-aos-jogos-sul-americanos-da-juventude-no-panama","status":"publish","type":"post","link":"https:\/\/blogdodanielgalvao.com.br\/site\/akilys-leva-o-nome-de-macae-aos-jogos-sul-americanos-da-juventude-no-panama\/","title":{"rendered":"Akilys leva o nome de Maca\u00e9 aos Jogos Sul-Americanos da Juventude no Panam\u00e1"},"content":{"rendered":"\n<p>O atleta macaense Akilys Cardoso foi selecionado para representar a sele\u00e7\u00e3o brasileira de Karat\u00ea nos Jogos Sul-Americanos da Juventude, no Panam\u00e1. Mais que isso, ele \u00e9 o \u00fanico atleta do Estado do Rio de Janeiro no masculino que est\u00e1 apto a utilizar o novo patch do Brasil junto ao COB (Comit\u00ea Ol\u00edmpico do Brasil), o que demonstra o tamanho da fa\u00e7anha n\u00e3o s\u00f3 para o munic\u00edpio como tamb\u00e9m toda a regi\u00e3o Norte Fluminense. Akilys integra o time juvenil do COB.<\/p>\n\n\n\n<p>Akilys \u00e9 um grande prod\u00edgio e vem acumulando t\u00edtulos em sua carreira no karat\u00ea. Pelo quarto ano consecutivo ele conquista uma vaga para defender a sele\u00e7\u00e3o brasileira, nas modalidades kata individual e EQP.<\/p>\n\n\n\n<p>\u201cMuito feliz em ter conquistado a vaga. Isso mostra que o trabalho e o treinamento est\u00e3o no caminho certo. Agora \u00e9 continuar treinando mais porque tenho mais um objetivo pela frente\u201d, disse Akilys.<\/p>\n\n\n\n<p>O jovem atleta \u00e9 treinado por Samara Jardim, que tamb\u00e9m \u00e9 t\u00e9cnica da sele\u00e7\u00e3o brasileira. \u201cNingu\u00e9m chega a lugar algum sozinho. \u00c9 um feito in\u00e9dito n\u00e3o s\u00f3 para Maca\u00e9 como tamb\u00e9m o Estado do Rio de Janeiro. Pra mim como t\u00e9cnico nem se fala. Colocar o Akilys em uma sele\u00e7\u00e3o ol\u00edmpica junto ao COB (Comit\u00ea Ol\u00edmpico Brasileiro) para competir no Panam\u00e1. Nunca pensei chegar t\u00e3o longe. Agradecer a Prefeitura e o prefeito Welberth, por olhar o esporte em todas as vertentes. N\u00e3o s\u00f3 o karat\u00ea com um olhar diferenciado\u201d, disse Samara Jardim.<\/p>\n\n\n\n<p>O prefeito Welberth Rezende tamb\u00e9m fez quest\u00e3o de parabenizar o atleta e a treinadora. Dois macaenses que levam o nome da cidade pelo Brasil e tamb\u00e9m fora dele.<\/p>\n\n\n\n<p>\u201cParabenizo tamb\u00e9m a t\u00e9cnica da Sele\u00e7\u00e3o Brasileira, Samara Jardim, macaense, que vem fazendo um trabalho de excel\u00eancia na forma\u00e7\u00e3o de grandes talentos, levando o nome de Maca\u00e9 para o mundo atrav\u00e9s do esporte\u201d, disse Welberth.<\/p>\n\n\n\n<p>Al\u00e9m disso, Maca\u00e9 foi escolhida para receber o Pan-Americano de Karat\u00ea. A cidade ser\u00e1 a sede da modalidade nas Am\u00e9ricas, de 25 a 31 de maio. Para se ter uma ideia do tamanho da fa\u00e7anha, essa ser\u00e1 a primeira vez em 10 anos que o evento ser\u00e1 realizado por aqui.<\/p>\n","protected":false},"excerpt":{"rendered":"<p>O atleta macaense Akilys Cardoso foi selecionado para representar a sele\u00e7\u00e3o brasileira de Karat\u00ea nos Jogos Sul-Americanos da Juventude, no Panam\u00e1. Mais que isso, ele \u00e9 o \u00fanico atleta do Estado do Rio de Janeiro no masculino que est\u00e1 apto a utilizar o novo patch do Brasil junto ao COB (Comit\u00ea Ol\u00edmpico do Brasil), o [&hellip;]<\/p>\n","protected":false},"author":2,"featured_media":32537,"comment_status":"open","ping_status":"open","sticky":false,"template":"","format":"standard","meta":{"footnotes":""},"categories":[2979,2],"tags":[],"class_list":["post-32536","post","type-post","status-publish","format-standard","has-post-thumbnail","hentry","category-destaque-noticia-1","category-macae"],"_links":{"self":[{"href":"https:\/\/blogdodanielgalvao.com.br\/site\/wp-json\/wp\/v2\/posts\/32536","targetHints":{"allow":["GET"]}}],"collection":[{"href":"https:\/\/blogdodanielgalvao.com.br\/site\/wp-json\/wp\/v2\/posts"}],"about":[{"href":"https:\/\/blogdodanielgalvao.com.br\/site\/wp-json\/wp\/v2\/types\/post"}],"author":[{"embeddable":true,"href":"https:\/\/blogdodanielgalvao.com.br\/site\/wp-json\/wp\/v2\/users\/2"}],"replies":[{"embeddable":true,"href":"https:\/\/blogdodanielgalvao.com.br\/site\/wp-json\/wp\/v2\/comments?post=32536"}],"version-history":[{"count":1,"href":"https:\/\/blogdodanielgalvao.com.br\/site\/wp-json\/wp\/v2\/posts\/32536\/revisions"}],"predecessor-version":[{"id":32538,"href":"https:\/\/blogdodanielgalvao.com.br\/site\/wp-json\/wp\/v2\/posts\/32536\/revisions\/32538"}],"wp:featuredmedia":[{"embeddable":true,"href":"https:\/\/blogdodanielgalvao.com.br\/site\/wp-json\/wp\/v2\/media\/32537"}],"wp:attachment":[{"href":"https:\/\/blogdodanielgalvao.com.br\/site\/wp-json\/wp\/v2\/media?parent=32536"}],"wp:term":[{"taxonomy":"category","embeddable":true,"href":"https:\/\/blogdodanielgalvao.com.br\/site\/wp-json\/wp\/v2\/categories?post=32536"},{"taxonomy":"post_tag","embeddable":true,"href":"https:\/\/blogdodanielgalvao.com.br\/site\/wp-json\/wp\/v2\/tags?post=32536"}],"curies":[{"name":"wp","href":"https:\/\/api.w.org\/{rel}","templated":true}]}}