{"id":32530,"date":"2026-04-22T15:32:14","date_gmt":"2026-04-22T18:32:14","guid":{"rendered":"https:\/\/blogdodanielgalvao.com.br\/site\/?p=32530"},"modified":"2026-04-22T15:32:20","modified_gmt":"2026-04-22T18:32:20","slug":"cabo-frio-promove-nova-edicao-do-yoga-no-forte-neste-domingo-no-canto-do-forte","status":"publish","type":"post","link":"https:\/\/blogdodanielgalvao.com.br\/site\/cabo-frio-promove-nova-edicao-do-yoga-no-forte-neste-domingo-no-canto-do-forte\/","title":{"rendered":"Cabo Frio promove nova edi\u00e7\u00e3o do Yoga no Forte neste domingo no Canto do Forte"},"content":{"rendered":"\n<p>O Canto do Forte, em Cabo Frio, ser\u00e1 palco de mais uma edi\u00e7\u00e3o do projeto Yoga no Forte neste domingo (26). A atividade, gratuita e aberta ao p\u00fablico, acontece das 7h \u00e0s 8h e conta com apoio da Secretaria Municipal de Cultura.<\/p>\n\n\n\n<p>Realizado sempre no \u00faltimo domingo de cada m\u00eas, o projeto ocupa um dos pontos tur\u00edsticos mais emblem\u00e1ticos da cidade, recentemente revitalizado pela administra\u00e7\u00e3o municipal. A proposta \u00e9 oferecer uma experi\u00eancia de bem-estar ao ar livre, conectando sa\u00fade, natureza e qualidade de vida.<\/p>\n\n\n\n<p>As aulas s\u00e3o conduzidas por professores especializados e destinadas a participantes de todas as idades. Para participar, \u00e9 necess\u00e1rio levar itens b\u00e1sicos como tapete de yoga, canga ou toalha.<\/p>\n\n\n\n<p>A iniciativa busca incentivar h\u00e1bitos saud\u00e1veis, promover a sa\u00fade preventiva, reduzir o estresse e fortalecer a conviv\u00eancia comunit\u00e1ria por meio de atividades coletivas em espa\u00e7os p\u00fablicos.<\/p>\n\n\n\n<p><strong>Servi\u00e7o<\/strong><\/p>\n\n\n\n<p>Yoga no Forte edi\u00e7\u00e3o de abril<\/p>\n\n\n\n<p>Data 26 de abril de 2026 domingo<\/p>\n\n\n\n<p>Hor\u00e1rio 7h \u00e0s 8h<\/p>\n\n\n\n<p>Local Canto do Forte na Praia do Forte<\/p>\n\n\n\n<p>Atividade gratuita e aberta ao p\u00fablico de todas as idades&nbsp;&nbsp;&nbsp;<\/p>\n","protected":false},"excerpt":{"rendered":"<p>O Canto do Forte, em Cabo Frio, ser\u00e1 palco de mais uma edi\u00e7\u00e3o do projeto Yoga no Forte neste domingo (26). A atividade, gratuita e aberta ao p\u00fablico, acontece das 7h \u00e0s 8h e conta com apoio da Secretaria Municipal de Cultura. Realizado sempre no \u00faltimo domingo de cada m\u00eas, o projeto ocupa um dos [&hellip;]<\/p>\n","protected":false},"author":2,"featured_media":32531,"comment_status":"open","ping_status":"open","sticky":false,"template":"","format":"standard","meta":{"footnotes":""},"categories":[340],"tags":[],"class_list":["post-32530","post","type-post","status-publish","format-standard","has-post-thumbnail","hentry","category-cabo-frio"],"_links":{"self":[{"href":"https:\/\/blogdodanielgalvao.com.br\/site\/wp-json\/wp\/v2\/posts\/32530","targetHints":{"allow":["GET"]}}],"collection":[{"href":"https:\/\/blogdodanielgalvao.com.br\/site\/wp-json\/wp\/v2\/posts"}],"about":[{"href":"https:\/\/blogdodanielgalvao.com.br\/site\/wp-json\/wp\/v2\/types\/post"}],"author":[{"embeddable":true,"href":"https:\/\/blogdodanielgalvao.com.br\/site\/wp-json\/wp\/v2\/users\/2"}],"replies":[{"embeddable":true,"href":"https:\/\/blogdodanielgalvao.com.br\/site\/wp-json\/wp\/v2\/comments?post=32530"}],"version-history":[{"count":1,"href":"https:\/\/blogdodanielgalvao.com.br\/site\/wp-json\/wp\/v2\/posts\/32530\/revisions"}],"predecessor-version":[{"id":32532,"href":"https:\/\/blogdodanielgalvao.com.br\/site\/wp-json\/wp\/v2\/posts\/32530\/revisions\/32532"}],"wp:featuredmedia":[{"embeddable":true,"href":"https:\/\/blogdodanielgalvao.com.br\/site\/wp-json\/wp\/v2\/media\/32531"}],"wp:attachment":[{"href":"https:\/\/blogdodanielgalvao.com.br\/site\/wp-json\/wp\/v2\/media?parent=32530"}],"wp:term":[{"taxonomy":"category","embeddable":true,"href":"https:\/\/blogdodanielgalvao.com.br\/site\/wp-json\/wp\/v2\/categories?post=32530"},{"taxonomy":"post_tag","embeddable":true,"href":"https:\/\/blogdodanielgalvao.com.br\/site\/wp-json\/wp\/v2\/tags?post=32530"}],"curies":[{"name":"wp","href":"https:\/\/api.w.org\/{rel}","templated":true}]}}