{"id":32527,"date":"2026-04-22T15:29:12","date_gmt":"2026-04-22T18:29:12","guid":{"rendered":"https:\/\/blogdodanielgalvao.com.br\/site\/?p=32527"},"modified":"2026-04-22T15:29:17","modified_gmt":"2026-04-22T18:29:17","slug":"acidente-entre-carro-e-moto-deixa-ferida-leve-em-avenida-de-cabo-frio","status":"publish","type":"post","link":"https:\/\/blogdodanielgalvao.com.br\/site\/acidente-entre-carro-e-moto-deixa-ferida-leve-em-avenida-de-cabo-frio\/","title":{"rendered":"Acidente entre carro e moto deixa ferida leve em avenida de Cabo Frio"},"content":{"rendered":"\n<p>Um acidente envolvendo um carro e uma motocicleta foi registrado na manh\u00e3 desta quarta-feira (22), na Avenida Joaquim Nogueira, em frente \u00e0 loja JA Ve\u00edculos, em Cabo Frio.<\/p>\n\n\n\n<p>Segundo informa\u00e7\u00f5es preliminares, a colis\u00e3o ocorreu no retorno da via. Com a for\u00e7a do impacto, a motocicleta ficou presa sob o pneu dianteiro do autom\u00f3vel.<\/p>\n\n\n\n<p>A condutora da moto sofreu ferimentos leves e foi socorrida para atendimento m\u00e9dico. At\u00e9 o momento, n\u00e3o h\u00e1 atualiza\u00e7\u00e3o sobre o estado de sa\u00fade do motorista do carro.<\/p>\n\n\n\n<p>As causas do acidente ainda n\u00e3o foram esclarecidas.&nbsp;&nbsp;&nbsp;&nbsp;<\/p>\n","protected":false},"excerpt":{"rendered":"<p>Um acidente envolvendo um carro e uma motocicleta foi registrado na manh\u00e3 desta quarta-feira (22), na Avenida Joaquim Nogueira, em frente \u00e0 loja JA Ve\u00edculos, em Cabo Frio. Segundo informa\u00e7\u00f5es preliminares, a colis\u00e3o ocorreu no retorno da via. Com a for\u00e7a do impacto, a motocicleta ficou presa sob o pneu dianteiro do autom\u00f3vel. A condutora [&hellip;]<\/p>\n","protected":false},"author":2,"featured_media":32528,"comment_status":"open","ping_status":"open","sticky":false,"template":"","format":"standard","meta":{"footnotes":""},"categories":[340],"tags":[],"class_list":["post-32527","post","type-post","status-publish","format-standard","has-post-thumbnail","hentry","category-cabo-frio"],"_links":{"self":[{"href":"https:\/\/blogdodanielgalvao.com.br\/site\/wp-json\/wp\/v2\/posts\/32527","targetHints":{"allow":["GET"]}}],"collection":[{"href":"https:\/\/blogdodanielgalvao.com.br\/site\/wp-json\/wp\/v2\/posts"}],"about":[{"href":"https:\/\/blogdodanielgalvao.com.br\/site\/wp-json\/wp\/v2\/types\/post"}],"author":[{"embeddable":true,"href":"https:\/\/blogdodanielgalvao.com.br\/site\/wp-json\/wp\/v2\/users\/2"}],"replies":[{"embeddable":true,"href":"https:\/\/blogdodanielgalvao.com.br\/site\/wp-json\/wp\/v2\/comments?post=32527"}],"version-history":[{"count":1,"href":"https:\/\/blogdodanielgalvao.com.br\/site\/wp-json\/wp\/v2\/posts\/32527\/revisions"}],"predecessor-version":[{"id":32529,"href":"https:\/\/blogdodanielgalvao.com.br\/site\/wp-json\/wp\/v2\/posts\/32527\/revisions\/32529"}],"wp:featuredmedia":[{"embeddable":true,"href":"https:\/\/blogdodanielgalvao.com.br\/site\/wp-json\/wp\/v2\/media\/32528"}],"wp:attachment":[{"href":"https:\/\/blogdodanielgalvao.com.br\/site\/wp-json\/wp\/v2\/media?parent=32527"}],"wp:term":[{"taxonomy":"category","embeddable":true,"href":"https:\/\/blogdodanielgalvao.com.br\/site\/wp-json\/wp\/v2\/categories?post=32527"},{"taxonomy":"post_tag","embeddable":true,"href":"https:\/\/blogdodanielgalvao.com.br\/site\/wp-json\/wp\/v2\/tags?post=32527"}],"curies":[{"name":"wp","href":"https:\/\/api.w.org\/{rel}","templated":true}]}}