{"id":32519,"date":"2026-04-22T14:13:17","date_gmt":"2026-04-22T17:13:17","guid":{"rendered":"https:\/\/blogdodanielgalvao.com.br\/site\/?p=32519"},"modified":"2026-04-22T14:30:12","modified_gmt":"2026-04-22T17:30:12","slug":"aniversario-da-rebio-uniao-celebra-trabalho-de-preservacao-da-mata-atlantica1","status":"publish","type":"post","link":"https:\/\/blogdodanielgalvao.com.br\/site\/aniversario-da-rebio-uniao-celebra-trabalho-de-preservacao-da-mata-atlantica1\/","title":{"rendered":"Anivers\u00e1rio da Rebio Uni\u00e3o celebra trabalho de preserva\u00e7\u00e3o da Mata Atl\u00e2ntica"},"content":{"rendered":"\n<p>Inaugurada em 22 de abril de 1998, a Reserva Biol\u00f3gica da Uni\u00e3o (Rebio Uni\u00e3o) completou 28 anos nessa quarta-feira, 22, celebrando um importante trabalho realizado na preserva\u00e7\u00e3o da Mata Atl\u00e2ntica e sua biodiversidade.<\/p>\n\n\n\n<p>Unidade de Conserva\u00e7\u00e3o (UC) do governo federal, sob responsabilidade do Instituto Chico Mendes de Conserva\u00e7\u00e3o da Biodiversidade (ICMBio), do Minist\u00e9rio do Meio Ambiente, a Rebio engloba uma \u00e1rea de quase 8 mil hectares (ha) abrangendo os munic\u00edpios de Rio das Ostras, Casimiro de Abreu e Maca\u00e9.<\/p>\n\n\n\n<p>Durante esses 28 anos, a unidade teve sua \u00e1rea mais do que triplicada, passando de 2.548 ha para 7.756 ha, representando um crescimento de 204,39%, refor\u00e7ando o compromisso com a preserva\u00e7\u00e3o de florestas e faunas.<\/p>\n\n\n\n<p>\u201cH\u00e1 28 anos protegemos vidas, conectamos florestas e mantemos viva a esperan\u00e7a da conserva\u00e7\u00e3o da Mata Atl\u00e2ntica. Com a amplia\u00e7\u00e3o da nossa Rebio, fortalecemos ainda mais esse compromisso, garantindo espa\u00e7o para que o mico-le\u00e3o-dourado, a pregui\u00e7a-de-coleira, a on\u00e7a-parda, o tucano do bico preto e tantas outras esp\u00e9cies continuem a existir. Celebremos a uni\u00e3o das pessoas com a natureza! Celebremos a Mata Atl\u00e2ntica, onde a vida floresce e a biodiversidade encontra prote\u00e7\u00e3o! Celebremos a natureza que resiste, se renova e inspira o futuro!\u201d, publicou a Rebio, em comemora\u00e7\u00e3o aos 28 anos.<\/p>\n\n\n\n<p>Para a chefe do N\u00facleo de Gest\u00e3o Integrada (NGI) Mico-le\u00e3o-dourado, Gisela Carvalho, a data celebra tamb\u00e9m o papel da Rebio na conserva\u00e7\u00e3o de parte dos 18,3% de toda a \u00e1rea florestal de Mata Atl\u00e2ntica presente no Estado do Rio.<\/p>\n\n\n\n<p>\u201cNeste anivers\u00e1rio, a Reserva Biol\u00f3gica Uni\u00e3o reafirma seu papel como um dos mais importantes redutos de Mata Atl\u00e2ntica de baixada do Estado do Rio de Janeiro, renovando o compromisso com a conserva\u00e7\u00e3o da biodiversidade junto com as pessoas\u201d, afirmou Gisela Carvalho.<\/p>\n\n\n\n<p>Um dos fatores que ajuda a ampliar essa liga\u00e7\u00e3o com as pessoas \u00e9 a revis\u00e3o do plano de manejo da unidade, em 2023, que permitiu que a Rebio deixasse de receber visitas apenas para educa\u00e7\u00e3o ambiental e permitisse a visita\u00e7\u00e3o aberta com objetivo de possibilitar que as pessoas tenham contato com a experi\u00eancia da Mata Atl\u00e2ntica.<\/p>\n\n\n\n<p>\u201cA revis\u00e3o do plano, em 2023, possibilitou uma nova perspectiva, permitindo planejar atividades e atrativos para um p\u00fablico mais amplo do que somente os das escolas e universidades\u201d, contou a comunica\u00e7\u00e3o da Rebio.<\/p>\n\n\n\n<p>Atualmente, a visita\u00e7\u00e3o \u00e0 unidade pode ser agendada de segunda a sexta-feira, atrav\u00e9s do perfil da Rebio no Instagram, pelo @rebio.uniao, permitindo aos visitantes op\u00e7\u00f5es que incluem trilhas e visitas guiadas ao centro de viv\u00eancia, a espa\u00e7os educativos e salas de exposi\u00e7\u00e3o, com monitores e t\u00e9cnicos do pr\u00f3prio ICMBio.<\/p>\n\n\n\n<p>Al\u00e9m do mico-le\u00e3o-dourado, esp\u00e9cie amea\u00e7ada de extin\u00e7\u00e3o e s\u00edmbolo dos esfor\u00e7os de conserva\u00e7\u00e3o na regi\u00e3o, a Rebio atua na preserva\u00e7\u00e3o de outras esp\u00e9cies amea\u00e7adas como a pregui\u00e7a-de-coleira, a on\u00e7a-parda, a jaguatirica e a lontra, abrigando ainda cerca de 225 esp\u00e9cies de aves, sendo 35 end\u00eamicas e 5 amea\u00e7adas de extin\u00e7\u00e3o.<\/p>\n\n\n\n<p>Parte de um corredor ecol\u00f3gico que se conecta \u00e0 Serra do Mar, promovendo o fluxo entre popula\u00e7\u00f5es de fauna e flora e contribuindo para a manuten\u00e7\u00e3o dos processos naturais, a Rebio, por\u00e9m, enfrenta desafios.<\/p>\n\n\n\n<p>Entre eles, est\u00e3o a expans\u00e3o urbana, a incid\u00eancia de inc\u00eandios florestais e a presen\u00e7a de esp\u00e9cies ex\u00f3ticas como eucaliptos, que impactam negativamente a biodiversidade e as nascentes, assim como a necessidade de integra\u00e7\u00e3o com pol\u00edticas estaduais e municipais.<\/p>\n\n\n\n<p>Segundo a chefe do NGI Mico-le\u00e3o-dourado, al\u00e9m disso, a unidade entende que precisa incentivar ainda mais o v\u00ednculo das pessoas, especialmente de moradores da regi\u00e3o, com a natureza, visando a conserva\u00e7\u00e3o a longo prazo.<\/p>\n\n\n\n<p>\u201cA mais assertiva forma de preservar \u00e9 fazendo com que as pessoas se sintam parte dessa conserva\u00e7\u00e3o\u201d, finalizou Gisela Carvalho.<\/p>\n\n\n\n<p>Cr\u00e9dito: Breno Tardin<\/p>\n","protected":false},"excerpt":{"rendered":"<p>Inaugurada em 22 de abril de 1998, a Reserva Biol\u00f3gica da Uni\u00e3o (Rebio Uni\u00e3o) completou 28 anos nessa quarta-feira, 22, celebrando um importante trabalho realizado na preserva\u00e7\u00e3o da Mata Atl\u00e2ntica e sua biodiversidade. Unidade de Conserva\u00e7\u00e3o (UC) do governo federal, sob responsabilidade do Instituto Chico Mendes de Conserva\u00e7\u00e3o da Biodiversidade (ICMBio), do Minist\u00e9rio do Meio [&hellip;]<\/p>\n","protected":false},"author":2,"featured_media":32525,"comment_status":"open","ping_status":"open","sticky":false,"template":"","format":"standard","meta":{"footnotes":""},"categories":[2978,1466],"tags":[3438],"class_list":["post-32519","post","type-post","status-publish","format-standard","has-post-thumbnail","hentry","category-destaques-topo","category-meio-ambiente","tag-aniversario-da-rebio-uniao"],"_links":{"self":[{"href":"https:\/\/blogdodanielgalvao.com.br\/site\/wp-json\/wp\/v2\/posts\/32519","targetHints":{"allow":["GET"]}}],"collection":[{"href":"https:\/\/blogdodanielgalvao.com.br\/site\/wp-json\/wp\/v2\/posts"}],"about":[{"href":"https:\/\/blogdodanielgalvao.com.br\/site\/wp-json\/wp\/v2\/types\/post"}],"author":[{"embeddable":true,"href":"https:\/\/blogdodanielgalvao.com.br\/site\/wp-json\/wp\/v2\/users\/2"}],"replies":[{"embeddable":true,"href":"https:\/\/blogdodanielgalvao.com.br\/site\/wp-json\/wp\/v2\/comments?post=32519"}],"version-history":[{"count":1,"href":"https:\/\/blogdodanielgalvao.com.br\/site\/wp-json\/wp\/v2\/posts\/32519\/revisions"}],"predecessor-version":[{"id":32520,"href":"https:\/\/blogdodanielgalvao.com.br\/site\/wp-json\/wp\/v2\/posts\/32519\/revisions\/32520"}],"wp:featuredmedia":[{"embeddable":true,"href":"https:\/\/blogdodanielgalvao.com.br\/site\/wp-json\/wp\/v2\/media\/32525"}],"wp:attachment":[{"href":"https:\/\/blogdodanielgalvao.com.br\/site\/wp-json\/wp\/v2\/media?parent=32519"}],"wp:term":[{"taxonomy":"category","embeddable":true,"href":"https:\/\/blogdodanielgalvao.com.br\/site\/wp-json\/wp\/v2\/categories?post=32519"},{"taxonomy":"post_tag","embeddable":true,"href":"https:\/\/blogdodanielgalvao.com.br\/site\/wp-json\/wp\/v2\/tags?post=32519"}],"curies":[{"name":"wp","href":"https:\/\/api.w.org\/{rel}","templated":true}]}}