{"id":32509,"date":"2026-04-22T13:22:23","date_gmt":"2026-04-22T16:22:23","guid":{"rendered":"https:\/\/blogdodanielgalvao.com.br\/site\/?p=32509"},"modified":"2026-04-22T13:22:28","modified_gmt":"2026-04-22T16:22:28","slug":"atletas-de-cabo-frio-se-destacam-em-campeonato-estadual-sub-23-de-atletismo-em-niteroi","status":"publish","type":"post","link":"https:\/\/blogdodanielgalvao.com.br\/site\/atletas-de-cabo-frio-se-destacam-em-campeonato-estadual-sub-23-de-atletismo-em-niteroi\/","title":{"rendered":"Atletas de Cabo Frio se destacam em campeonato estadual sub-23 de atletismo em Niter\u00f3i"},"content":{"rendered":"\n<p>Os atletas do projeto Cabo Frio Mais Esporte tiveram desempenho de destaque no IV Campeonato Rio Estadual Loterias Caixa de Atletismo Sub-23, realizado no \u00faltimo fim de semana em Niter\u00f3i. A competi\u00e7\u00e3o reuniu representantes de diversas regi\u00f5es do estado e evidenciou o avan\u00e7o da equipe cabo-friense no cen\u00e1rio esportivo.<\/p>\n\n\n\n<p>Entre os principais resultados, chamaram aten\u00e7\u00e3o as irm\u00e3s g\u00eameas Eloise e Bianca do Nascimento, de 15 anos, que competiram na prova dos 1.500 metros feminino. Eloise garantiu o primeiro lugar e manteve a lideran\u00e7a conquistada na etapa anterior. Bianca, por sua vez, ficou com a segunda coloca\u00e7\u00e3o, apresentando evolu\u00e7\u00e3o em rela\u00e7\u00e3o ao desempenho anterior, quando havia terminado em terceiro.<\/p>\n\n\n\n<p>Na prova dos 5.000 metros masculino, os representantes de Cabo Frio tamb\u00e9m apresentaram resultados consistentes. Miguel da Concei\u00e7\u00e3o terminou na quinta posi\u00e7\u00e3o, seguido por Lucas Matheus em d\u00e9cimo lugar, Brendhon da Silva na 11\u00aa coloca\u00e7\u00e3o e Gustavo dos Santos em 12\u00ba.<\/p>\n\n\n\n<p>J\u00e1 nos 1.500 metros masculino, Brayan Menezes finalizou a prova em 14\u00ba lugar, competindo em uma categoria que re\u00fane atletas de at\u00e9 23 anos, muitos com maior tempo de experi\u00eancia em competi\u00e7\u00f5es.<\/p>\n\n\n\n<p>O projeto Cabo Frio Mais Esporte, desenvolvido pela Prefeitura, tem como foco ampliar o acesso \u00e0 pr\u00e1tica esportiva e fomentar a forma\u00e7\u00e3o de novos talentos no munic\u00edpio.<\/p>\n\n\n\n<p>Segundo o secret\u00e1rio municipal de Esportes e Lazer, Rafael Bernardo, os resultados refletem a relev\u00e2ncia das pol\u00edticas p\u00fablicas voltadas ao esporte. &#8220;Os resultados obtidos em Niter\u00f3i reafirmam a import\u00e2ncia do investimento do munic\u00edpio em pol\u00edticas p\u00fablicas, tendo o esporte como aliado na educa\u00e7\u00e3o e inclus\u00e3o de crian\u00e7as e adolescentes. Esses p\u00f3dios demonstram que estamos no caminho certo&#8221;, afirmou.&nbsp;&nbsp;&nbsp;&nbsp;<\/p>\n","protected":false},"excerpt":{"rendered":"<p>Os atletas do projeto Cabo Frio Mais Esporte tiveram desempenho de destaque no IV Campeonato Rio Estadual Loterias Caixa de Atletismo Sub-23, realizado no \u00faltimo fim de semana em Niter\u00f3i. A competi\u00e7\u00e3o reuniu representantes de diversas regi\u00f5es do estado e evidenciou o avan\u00e7o da equipe cabo-friense no cen\u00e1rio esportivo. Entre os principais resultados, chamaram aten\u00e7\u00e3o [&hellip;]<\/p>\n","protected":false},"author":2,"featured_media":32510,"comment_status":"open","ping_status":"open","sticky":false,"template":"","format":"standard","meta":{"footnotes":""},"categories":[340,2981],"tags":[],"class_list":["post-32509","post","type-post","status-publish","format-standard","has-post-thumbnail","hentry","category-cabo-frio","category-destaque-noticia-3"],"_links":{"self":[{"href":"https:\/\/blogdodanielgalvao.com.br\/site\/wp-json\/wp\/v2\/posts\/32509","targetHints":{"allow":["GET"]}}],"collection":[{"href":"https:\/\/blogdodanielgalvao.com.br\/site\/wp-json\/wp\/v2\/posts"}],"about":[{"href":"https:\/\/blogdodanielgalvao.com.br\/site\/wp-json\/wp\/v2\/types\/post"}],"author":[{"embeddable":true,"href":"https:\/\/blogdodanielgalvao.com.br\/site\/wp-json\/wp\/v2\/users\/2"}],"replies":[{"embeddable":true,"href":"https:\/\/blogdodanielgalvao.com.br\/site\/wp-json\/wp\/v2\/comments?post=32509"}],"version-history":[{"count":1,"href":"https:\/\/blogdodanielgalvao.com.br\/site\/wp-json\/wp\/v2\/posts\/32509\/revisions"}],"predecessor-version":[{"id":32511,"href":"https:\/\/blogdodanielgalvao.com.br\/site\/wp-json\/wp\/v2\/posts\/32509\/revisions\/32511"}],"wp:featuredmedia":[{"embeddable":true,"href":"https:\/\/blogdodanielgalvao.com.br\/site\/wp-json\/wp\/v2\/media\/32510"}],"wp:attachment":[{"href":"https:\/\/blogdodanielgalvao.com.br\/site\/wp-json\/wp\/v2\/media?parent=32509"}],"wp:term":[{"taxonomy":"category","embeddable":true,"href":"https:\/\/blogdodanielgalvao.com.br\/site\/wp-json\/wp\/v2\/categories?post=32509"},{"taxonomy":"post_tag","embeddable":true,"href":"https:\/\/blogdodanielgalvao.com.br\/site\/wp-json\/wp\/v2\/tags?post=32509"}],"curies":[{"name":"wp","href":"https:\/\/api.w.org\/{rel}","templated":true}]}}