{"id":32506,"date":"2026-04-22T13:15:17","date_gmt":"2026-04-22T16:15:17","guid":{"rendered":"https:\/\/blogdodanielgalvao.com.br\/site\/?p=32506"},"modified":"2026-04-22T13:15:22","modified_gmt":"2026-04-22T16:15:22","slug":"cabo-frio-tem-feriado-prolongado-com-agenda-cultural-intensa-em-diversos-pontos-da-cidade","status":"publish","type":"post","link":"https:\/\/blogdodanielgalvao.com.br\/site\/cabo-frio-tem-feriado-prolongado-com-agenda-cultural-intensa-em-diversos-pontos-da-cidade\/","title":{"rendered":"Cabo Frio tem feriado prolongado com agenda cultural intensa em diversos pontos da cidade"},"content":{"rendered":"\n<p>Com a chegada do feriado desta quinta-feira (23) e a sequ\u00eancia do fim de semana, Cabo Frio prepara uma ampla programa\u00e7\u00e3o cultural espalhada por diferentes pontos da cidade. As atividades, apoiadas pela Prefeitura, incluem eventos ao ar livre, feiras, exposi\u00e7\u00f5es e apresenta\u00e7\u00f5es em equipamentos culturais, oferecendo op\u00e7\u00f5es para moradores e visitantes.<\/p>\n\n\n\n<p>A agenda contempla iniciativas que v\u00e3o desde manifesta\u00e7\u00f5es art\u00edsticas at\u00e9 encontros comunit\u00e1rios, ocupando pra\u00e7as, espa\u00e7os hist\u00f3ricos e \u00e1reas tur\u00edsticas do munic\u00edpio.&nbsp;&nbsp;&nbsp;&nbsp;&nbsp;<\/p>\n\n\n\n<p>Confira a programa\u00e7\u00e3o completa:<\/p>\n\n\n\n<p><strong>Feira Cultural da Praia do Forte<\/strong><\/p>\n\n\n\n<p>22 a 25 de abril<\/p>\n\n\n\n<p>Pra\u00e7a da Cidadania em frente \u00e0 Praia do Forte<\/p>\n\n\n\n<p>18h \u00e0s 23h&nbsp;&nbsp;&nbsp;&nbsp;&nbsp;<\/p>\n\n\n\n<p><strong>Festa de S\u00e3o Jorge<\/strong><\/p>\n\n\n\n<p>23 a 26 de abril<\/p>\n\n\n\n<p>Em frente \u00e0 Igreja de S\u00e3o Jorge na Rua Francisco Mendes 105 Centro&nbsp;&nbsp;&nbsp;&nbsp;<\/p>\n\n\n\n<p><strong>Feira Dandaras<\/strong><\/p>\n\n\n\n<p>23 a 26 de abril<\/p>\n\n\n\n<p>Rua Francisco Mendes 105 Centro em frente \u00e0 Igreja de S\u00e3o Jorge<\/p>\n\n\n\n<p>10h \u00e0s 19h&nbsp;&nbsp;&nbsp;&nbsp;<\/p>\n\n\n\n<p><strong>Quintal das Artes<\/strong><\/p>\n\n\n\n<p>23 e 24 de abril<\/p>\n\n\n\n<p>Largo S\u00e3o Benedito Passagem<\/p>\n\n\n\n<p>18h \u00e0s 23h&nbsp;&nbsp;&nbsp;&nbsp;<\/p>\n\n\n\n<p><strong>Feira Boulevard Canal<\/strong><\/p>\n\n\n\n<p>24 e 25 de abril<\/p>\n\n\n\n<p>Boulevard Canal pr\u00f3ximo ao restaurante Brasileir\u00edssimo<\/p>\n\n\n\n<p>10h \u00e0s 19h&nbsp;&nbsp;&nbsp;<\/p>\n\n\n\n<p><strong>Arte na Pra\u00e7a exposi\u00e7\u00e3o de artes pl\u00e1sticas<\/strong><\/p>\n\n\n\n<p>25 de abril<\/p>\n\n\n\n<p>Largo S\u00e3o Benedito Passagem<\/p>\n\n\n\n<p>14h \u00e0s 21h&nbsp;&nbsp;&nbsp;&nbsp;&nbsp;<\/p>\n\n\n\n<p><strong>Feira Associa\u00e7\u00e3o Arteiras de Tamoios<\/strong><\/p>\n\n\n\n<p>24 e 25 de abril<\/p>\n\n\n\n<p>Shopping Unapark Unamar Tamoios<\/p>\n\n\n\n<p>15h \u00e0s 22h&nbsp;&nbsp;&nbsp;&nbsp;<\/p>\n\n\n\n<p><strong>123\u00aa edi\u00e7\u00e3o Jovens Pianistas recital com Enzo Maki<\/strong><\/p>\n\n\n\n<p>25 de abril<\/p>\n\n\n\n<p>Museu e Casa de Cultura Jos\u00e9 de Dome Charitas<\/p>\n\n\n\n<p>Entrada gratuita sujeita \u00e0 lota\u00e7\u00e3o<\/p>\n\n\n\n<p>18h<\/p>\n\n\n\n<p><strong>Exposi\u00e7\u00e3o fotogr\u00e1fica As Mar\u00e9s do Tempo<\/strong><\/p>\n\n\n\n<p>At\u00e9 25 de abril<\/p>\n\n\n\n<p>Museu e Casa de Cultura Jos\u00e9 de Dome Charitas<\/p>\n\n\n\n<p>Entrada gratuita<\/p>\n\n\n\n<p>Segunda a sexta das 9h \u00e0s 18h<\/p>\n\n\n\n<p>S\u00e1bado das 15h \u00e0s 19h<\/p>\n\n\n\n<p><strong>Yoga no Forte edi\u00e7\u00e3o de abril<\/strong><\/p>\n\n\n\n<p>26 de abril<\/p>\n\n\n\n<p>Canto do Forte Praia do Forte<\/p>\n\n\n\n<p>Atividade gratuita<\/p>\n\n\n\n<p>7h<\/p>\n\n\n\n<p><strong>Caf\u00e9 com amigos encontro comunit\u00e1rio e exposi\u00e7\u00e3o de carros antigos<\/strong><\/p>\n\n\n\n<p>26 de abril<\/p>\n\n\n\n<p>Pra\u00e7a Alfredo Castro S\u00e3o Crist\u00f3v\u00e3o<\/p>\n\n\n\n<p>8h \u00e0s 15h&nbsp;&nbsp;&nbsp;&nbsp;<\/p>\n\n\n\n<p><strong>Exposi\u00e7\u00e3o As salinas chegam ao Forte S\u00e3o Mateus<\/strong><\/p>\n\n\n\n<p>At\u00e9 30 de abril<\/p>\n\n\n\n<p>Forte S\u00e3o Mateus Praia do Forte<\/p>\n\n\n\n<p>Entrada gratuita<\/p>\n\n\n\n<p>9h \u00e0s 18h&nbsp;&nbsp;&nbsp;&nbsp;&nbsp;<\/p>\n\n\n\n<p><strong>Exposi\u00e7\u00e3o Da cor \u00e0 forma e express\u00e3o<\/strong><\/p>\n\n\n\n<p>At\u00e9 2 de maio<\/p>\n\n\n\n<p>Pal\u00e1cio das \u00c1guias Rua \u00c9rico Coelho Centro<\/p>\n\n\n\n<p>Entrada gratuita<\/p>\n\n\n\n<p>Segunda a sexta das 9h \u00e0s 18h<\/p>\n\n\n\n<p>S\u00e1bados e feriados das 13h \u00e0s 17h&nbsp;&nbsp;&nbsp;&nbsp;&nbsp;&nbsp;&nbsp;<\/p>\n\n\n\n<p>A diversidade da programa\u00e7\u00e3o refor\u00e7a a estrat\u00e9gia de ocupa\u00e7\u00e3o cultural dos espa\u00e7os p\u00fablicos e tur\u00edsticos, transformando o feriado em uma vitrine da produ\u00e7\u00e3o art\u00edstica local e uma alternativa de lazer acess\u00edvel para diferentes p\u00fablicos.&nbsp;&nbsp;&nbsp;<\/p>\n","protected":false},"excerpt":{"rendered":"<p>Com a chegada do feriado desta quinta-feira (23) e a sequ\u00eancia do fim de semana, Cabo Frio prepara uma ampla programa\u00e7\u00e3o cultural espalhada por diferentes pontos da cidade. As atividades, apoiadas pela Prefeitura, incluem eventos ao ar livre, feiras, exposi\u00e7\u00f5es e apresenta\u00e7\u00f5es em equipamentos culturais, oferecendo op\u00e7\u00f5es para moradores e visitantes. A agenda contempla iniciativas [&hellip;]<\/p>\n","protected":false},"author":2,"featured_media":32507,"comment_status":"open","ping_status":"open","sticky":false,"template":"","format":"standard","meta":{"footnotes":""},"categories":[340,2978],"tags":[],"class_list":["post-32506","post","type-post","status-publish","format-standard","has-post-thumbnail","hentry","category-cabo-frio","category-destaques-topo"],"_links":{"self":[{"href":"https:\/\/blogdodanielgalvao.com.br\/site\/wp-json\/wp\/v2\/posts\/32506","targetHints":{"allow":["GET"]}}],"collection":[{"href":"https:\/\/blogdodanielgalvao.com.br\/site\/wp-json\/wp\/v2\/posts"}],"about":[{"href":"https:\/\/blogdodanielgalvao.com.br\/site\/wp-json\/wp\/v2\/types\/post"}],"author":[{"embeddable":true,"href":"https:\/\/blogdodanielgalvao.com.br\/site\/wp-json\/wp\/v2\/users\/2"}],"replies":[{"embeddable":true,"href":"https:\/\/blogdodanielgalvao.com.br\/site\/wp-json\/wp\/v2\/comments?post=32506"}],"version-history":[{"count":1,"href":"https:\/\/blogdodanielgalvao.com.br\/site\/wp-json\/wp\/v2\/posts\/32506\/revisions"}],"predecessor-version":[{"id":32508,"href":"https:\/\/blogdodanielgalvao.com.br\/site\/wp-json\/wp\/v2\/posts\/32506\/revisions\/32508"}],"wp:featuredmedia":[{"embeddable":true,"href":"https:\/\/blogdodanielgalvao.com.br\/site\/wp-json\/wp\/v2\/media\/32507"}],"wp:attachment":[{"href":"https:\/\/blogdodanielgalvao.com.br\/site\/wp-json\/wp\/v2\/media?parent=32506"}],"wp:term":[{"taxonomy":"category","embeddable":true,"href":"https:\/\/blogdodanielgalvao.com.br\/site\/wp-json\/wp\/v2\/categories?post=32506"},{"taxonomy":"post_tag","embeddable":true,"href":"https:\/\/blogdodanielgalvao.com.br\/site\/wp-json\/wp\/v2\/tags?post=32506"}],"curies":[{"name":"wp","href":"https:\/\/api.w.org\/{rel}","templated":true}]}}