{"id":32501,"date":"2026-04-22T12:30:39","date_gmt":"2026-04-22T15:30:39","guid":{"rendered":"https:\/\/blogdodanielgalvao.com.br\/site\/?p=32501"},"modified":"2026-04-22T12:30:45","modified_gmt":"2026-04-22T15:30:45","slug":"cabo-frio-abre-inscricoes-para-o-programa-bolsa-atleta-2026-com-apoio-financeiro-a-esportistas","status":"publish","type":"post","link":"https:\/\/blogdodanielgalvao.com.br\/site\/cabo-frio-abre-inscricoes-para-o-programa-bolsa-atleta-2026-com-apoio-financeiro-a-esportistas\/","title":{"rendered":"Cabo Frio abre inscri\u00e7\u00f5es para o Programa Bolsa Atleta 2026 com apoio financeiro a esportistas"},"content":{"rendered":"\n<p>A Prefeitura de Cabo Frio anunciou a cria\u00e7\u00e3o do Programa Bolsa Atleta 2026, uma iniciativa in\u00e9dita voltada ao incentivo de atletas e paratletas que representam o munic\u00edpio em competi\u00e7\u00f5es oficiais. O edital n\u00ba 001\/2026 foi lan\u00e7ado por meio da Secretaria Municipal de Esportes e Lazer, com o objetivo de oferecer suporte financeiro ao desenvolvimento esportivo local.<\/p>\n\n\n\n<p>O benef\u00edcio ser\u00e1 concedido pelo per\u00edodo de um ano, com pagamento em at\u00e9 12 parcelas mensais. Os valores variam conforme o n\u00edvel t\u00e9cnico e o desempenho dos atletas, que ser\u00e3o distribu\u00eddos em quatro categorias com n\u00famero limitado de vagas.<\/p>\n\n\n\n<p>Na categoria internacional, ser\u00e3o disponibilizadas cinco bolsas no valor de R$ 1.900 mensais, destinadas a atletas classificados at\u00e9 a oitava coloca\u00e7\u00e3o. Para o n\u00edvel nacional, tamb\u00e9m com cinco vagas, o aux\u00edlio ser\u00e1 de R$ 1.000 mensais para os tr\u00eas primeiros colocados. J\u00e1 na categoria estadual, com 21 bolsas, o valor ser\u00e1 de R$ 700 mensais, tamb\u00e9m voltado aos tr\u00eas melhores colocados. Por fim, a categoria Talento Esportivo contar\u00e1 com 10 vagas, com benef\u00edcio de R$ 400 mensais para atletas classificados at\u00e9 a terceira coloca\u00e7\u00e3o.<\/p>\n\n\n\n<p>A sele\u00e7\u00e3o dar\u00e1 prioridade a competidores de modalidades individuais. Para participar, \u00e9 necess\u00e1rio ter no m\u00ednimo 10 anos de idade, residir em Cabo Frio h\u00e1 pelo menos dois anos, estar em atividade esportiva vinculada a uma entidade e apresentar resultados compat\u00edveis com a categoria pretendida, obtidos em 2025. No caso de menores de 18 anos e candidatos da categoria Talento Esportivo, tamb\u00e9m ser\u00e1 exigida matr\u00edcula em institui\u00e7\u00e3o de ensino.<\/p>\n\n\n\n<p>As inscri\u00e7\u00f5es come\u00e7am na pr\u00f3xima segunda-feira (27) e seguem at\u00e9 o dia 15 de maio. O processo ser\u00e1 realizado por meio de formul\u00e1rio dispon\u00edvel no site oficial do programa. Ap\u00f3s o preenchimento, os candidatos dever\u00e3o protocolar a documenta\u00e7\u00e3o exigida presencialmente na sede da prefeitura, localizada na Pra\u00e7a Tiradentes, no Centro, com atendimento de segunda a sexta-feira, das 9h \u00e0s 16h.<\/p>\n\n\n\n<p>O secret\u00e1rio municipal de Esporte e Lazer, Rafael Bernardo, destacou que a iniciativa representa um avan\u00e7o para o setor esportivo da cidade. &#8220;A implanta\u00e7\u00e3o do Programa Bolsa Atleta em Cabo Frio \u00e9 um passo hist\u00f3rico para o nosso esporte. Estamos reconhecendo o esfor\u00e7o dos nossos atletas e criando condi\u00e7\u00f5es reais para que eles possam se desenvolver, competir e representar o munic\u00edpio com ainda mais for\u00e7a. Esse \u00e9 um investimento direto nas pessoas, no talento local e no futuro do esporte cabo-friense.&#8221;<\/p>\n\n\n\n<p>O prefeito Dr. Serginho tamb\u00e9m ressaltou o papel do esporte como ferramenta de transforma\u00e7\u00e3o social. &#8220;O Bolsa Atleta \u00e9 um compromisso que assumimos com o futuro dos nossos jovens e com a valoriza\u00e7\u00e3o dos talentos da nossa cidade. Sabemos das dificuldades que muitos enfrentam para conciliar os treinos com os custos das competi\u00e7\u00f5es, e este programa vem para suprir essa necessidade. Queremos que o atleta de Cabo Frio tenha a tranquilidade necess\u00e1ria para se dedicar e evoluir, levando o nome da nossa cidade pelo mundo.&#8221;&nbsp;&nbsp;&nbsp;&nbsp;<\/p>\n\n\n\n<p><strong>Calend\u00e1rio<\/strong><\/p>\n\n\n\n<p>Per\u00edodo de inscri\u00e7\u00e3o de 27 de abril a 15 de maio de 2026<\/p>\n\n\n\n<p>Divulga\u00e7\u00e3o da lista preliminar em 28 de maio de 2026<\/p>\n\n\n\n<p>Assinatura do termo de ades\u00e3o em 26 de junho de 2026&nbsp;&nbsp;&nbsp;&nbsp;<\/p>\n\n\n\n<p>A rela\u00e7\u00e3o completa de documentos exigidos est\u00e1 dispon\u00edvel no site oficial do programa. D\u00favidas podem ser encaminhadas para o e-mail <a href=\"mailto:esporte.bolsaatleta@cabofrio.rj.gov.br\">esporte.bolsaatleta@cabofrio.rj.gov.br<\/a>.&nbsp;&nbsp;&nbsp;<\/p>\n","protected":false},"excerpt":{"rendered":"<p>A Prefeitura de Cabo Frio anunciou a cria\u00e7\u00e3o do Programa Bolsa Atleta 2026, uma iniciativa in\u00e9dita voltada ao incentivo de atletas e paratletas que representam o munic\u00edpio em competi\u00e7\u00f5es oficiais. O edital n\u00ba 001\/2026 foi lan\u00e7ado por meio da Secretaria Municipal de Esportes e Lazer, com o objetivo de oferecer suporte financeiro ao desenvolvimento esportivo [&hellip;]<\/p>\n","protected":false},"author":2,"featured_media":32502,"comment_status":"open","ping_status":"open","sticky":false,"template":"","format":"standard","meta":{"footnotes":""},"categories":[340],"tags":[],"class_list":["post-32501","post","type-post","status-publish","format-standard","has-post-thumbnail","hentry","category-cabo-frio"],"_links":{"self":[{"href":"https:\/\/blogdodanielgalvao.com.br\/site\/wp-json\/wp\/v2\/posts\/32501","targetHints":{"allow":["GET"]}}],"collection":[{"href":"https:\/\/blogdodanielgalvao.com.br\/site\/wp-json\/wp\/v2\/posts"}],"about":[{"href":"https:\/\/blogdodanielgalvao.com.br\/site\/wp-json\/wp\/v2\/types\/post"}],"author":[{"embeddable":true,"href":"https:\/\/blogdodanielgalvao.com.br\/site\/wp-json\/wp\/v2\/users\/2"}],"replies":[{"embeddable":true,"href":"https:\/\/blogdodanielgalvao.com.br\/site\/wp-json\/wp\/v2\/comments?post=32501"}],"version-history":[{"count":1,"href":"https:\/\/blogdodanielgalvao.com.br\/site\/wp-json\/wp\/v2\/posts\/32501\/revisions"}],"predecessor-version":[{"id":32504,"href":"https:\/\/blogdodanielgalvao.com.br\/site\/wp-json\/wp\/v2\/posts\/32501\/revisions\/32504"}],"wp:featuredmedia":[{"embeddable":true,"href":"https:\/\/blogdodanielgalvao.com.br\/site\/wp-json\/wp\/v2\/media\/32502"}],"wp:attachment":[{"href":"https:\/\/blogdodanielgalvao.com.br\/site\/wp-json\/wp\/v2\/media?parent=32501"}],"wp:term":[{"taxonomy":"category","embeddable":true,"href":"https:\/\/blogdodanielgalvao.com.br\/site\/wp-json\/wp\/v2\/categories?post=32501"},{"taxonomy":"post_tag","embeddable":true,"href":"https:\/\/blogdodanielgalvao.com.br\/site\/wp-json\/wp\/v2\/tags?post=32501"}],"curies":[{"name":"wp","href":"https:\/\/api.w.org\/{rel}","templated":true}]}}