{"id":32496,"date":"2026-04-22T12:23:41","date_gmt":"2026-04-22T15:23:41","guid":{"rendered":"https:\/\/blogdodanielgalvao.com.br\/site\/?p=32496"},"modified":"2026-04-22T12:23:49","modified_gmt":"2026-04-22T15:23:49","slug":"corpo-de-turista-mineiro-e-localizado-apos-tres-dias-de-buscas-em-cabo-frio","status":"publish","type":"post","link":"https:\/\/blogdodanielgalvao.com.br\/site\/corpo-de-turista-mineiro-e-localizado-apos-tres-dias-de-buscas-em-cabo-frio\/","title":{"rendered":"Corpo de turista mineiro \u00e9 localizado ap\u00f3s tr\u00eas dias de buscas em Cabo Frio"},"content":{"rendered":"\n<p>Ap\u00f3s tr\u00eas dias de buscas intensas, o corpo do turista Leonardo Serafim, de 26 anos, foi encontrado na manh\u00e3 desta ter\u00e7a-feira (21), na Praia do Forte, em Cabo Frio. O jovem estava desaparecido desde o \u00faltimo domingo (19), quando entrou no mar acompanhado do irm\u00e3o, de 15 anos.<\/p>\n\n\n\n<p>De acordo com testemunhas, uma sequ\u00eancia de ondas teria surpreendido os dois, arrastando Leonardo para uma \u00e1rea mais distante. Desde ent\u00e3o, ele n\u00e3o havia mais sido visto, dando in\u00edcio a uma opera\u00e7\u00e3o de resgate que mobilizou equipes do Corpo de Bombeiros.<\/p>\n\n\n\n<p>As buscas contaram com apoio de embarca\u00e7\u00f5es e agentes em terra, enfrentando condi\u00e7\u00f5es adversas do mar. A presen\u00e7a de algas e a baixa visibilidade da \u00e1gua foram apontadas como fatores que dificultaram o trabalho ao longo dos dias.<\/p>\n\n\n\n<p>O desfecho do caso tamb\u00e9m foi divulgado nas redes sociais pelo secret\u00e1rio adjunto da Pessoa com Defici\u00eancia de Cabo Frio, Gugu do Jacar\u00e9, que informou a localiza\u00e7\u00e3o do corpo.<\/p>\n\n\n\n<p>O desaparecimento ocorreu durante o feriado de Tiradentes e marcou o encerramento da opera\u00e7\u00e3o de buscas. At\u00e9 o momento, n\u00e3o h\u00e1 informa\u00e7\u00f5es divulgadas sobre vel\u00f3rio e sepultamento.&nbsp;&nbsp;&nbsp;&nbsp;<\/p>\n","protected":false},"excerpt":{"rendered":"<p>Ap\u00f3s tr\u00eas dias de buscas intensas, o corpo do turista Leonardo Serafim, de 26 anos, foi encontrado na manh\u00e3 desta ter\u00e7a-feira (21), na Praia do Forte, em Cabo Frio. O jovem estava desaparecido desde o \u00faltimo domingo (19), quando entrou no mar acompanhado do irm\u00e3o, de 15 anos. De acordo com testemunhas, uma sequ\u00eancia de [&hellip;]<\/p>\n","protected":false},"author":2,"featured_media":32497,"comment_status":"open","ping_status":"open","sticky":false,"template":"","format":"standard","meta":{"footnotes":""},"categories":[340,2982],"tags":[],"class_list":["post-32496","post","type-post","status-publish","format-standard","has-post-thumbnail","hentry","category-cabo-frio","category-destaque-noticia-4"],"_links":{"self":[{"href":"https:\/\/blogdodanielgalvao.com.br\/site\/wp-json\/wp\/v2\/posts\/32496","targetHints":{"allow":["GET"]}}],"collection":[{"href":"https:\/\/blogdodanielgalvao.com.br\/site\/wp-json\/wp\/v2\/posts"}],"about":[{"href":"https:\/\/blogdodanielgalvao.com.br\/site\/wp-json\/wp\/v2\/types\/post"}],"author":[{"embeddable":true,"href":"https:\/\/blogdodanielgalvao.com.br\/site\/wp-json\/wp\/v2\/users\/2"}],"replies":[{"embeddable":true,"href":"https:\/\/blogdodanielgalvao.com.br\/site\/wp-json\/wp\/v2\/comments?post=32496"}],"version-history":[{"count":1,"href":"https:\/\/blogdodanielgalvao.com.br\/site\/wp-json\/wp\/v2\/posts\/32496\/revisions"}],"predecessor-version":[{"id":32498,"href":"https:\/\/blogdodanielgalvao.com.br\/site\/wp-json\/wp\/v2\/posts\/32496\/revisions\/32498"}],"wp:featuredmedia":[{"embeddable":true,"href":"https:\/\/blogdodanielgalvao.com.br\/site\/wp-json\/wp\/v2\/media\/32497"}],"wp:attachment":[{"href":"https:\/\/blogdodanielgalvao.com.br\/site\/wp-json\/wp\/v2\/media?parent=32496"}],"wp:term":[{"taxonomy":"category","embeddable":true,"href":"https:\/\/blogdodanielgalvao.com.br\/site\/wp-json\/wp\/v2\/categories?post=32496"},{"taxonomy":"post_tag","embeddable":true,"href":"https:\/\/blogdodanielgalvao.com.br\/site\/wp-json\/wp\/v2\/tags?post=32496"}],"curies":[{"name":"wp","href":"https:\/\/api.w.org\/{rel}","templated":true}]}}