{"id":32492,"date":"2026-04-22T13:30:29","date_gmt":"2026-04-22T16:30:29","guid":{"rendered":"https:\/\/blogdodanielgalvao.com.br\/site\/?p=32492"},"modified":"2026-04-22T13:30:36","modified_gmt":"2026-04-22T16:30:36","slug":"policia-detem-adolescente-de-17-anos-com-drogas-e-arma-branca-em-silva-jardim","status":"publish","type":"post","link":"https:\/\/blogdodanielgalvao.com.br\/site\/policia-detem-adolescente-de-17-anos-com-drogas-e-arma-branca-em-silva-jardim\/","title":{"rendered":"Pol\u00edcia det\u00e9m adolescente de 17 anos com drogas e arma branca em Silva Jardim"},"content":{"rendered":"\n<p>A Pol\u00edcia Militar (PM) apreendeu, no \u00faltimo fim de semana, um adolescente conhecido como \u201cSementinha\u201d, de 17 anos, j\u00e1 conhecido pelos agentes, por envolvimento com o tr\u00e1fico de drogas em Silva Jardim.<\/p>\n\n\n\n<p>O jovem foi detido por policiais do 35\u00ba Batalh\u00e3o da PM (35\u00ba BP<\/p>\n\n\n\n<p>M) quando circulava na Avenida Alfredo Camargo Melo, carregando duas tiras de maconha e um soco ingl\u00eas, ou soqueira, instrumento de metal considerado uma arma branca.<\/p>\n\n\n\n<p>O adolescente, que possui anota\u00e7\u00e3o anterior por fato an\u00e1logo ao tr\u00e1fico de drogas, foi levado para a 120\u00aa Delegacia de Pol\u00edcia Civil (120\u00aa DP), de Silva Jardim, onde o caso foi registrado por uso e consumo de drogas, e o jovem foi liberado.<\/p>\n","protected":false},"excerpt":{"rendered":"<p>A Pol\u00edcia Militar (PM) apreendeu, no \u00faltimo fim de semana, um adolescente conhecido como \u201cSementinha\u201d, de 17 anos, j\u00e1 conhecido pelos agentes, por envolvimento com o tr\u00e1fico de drogas em Silva Jardim. O jovem foi detido por policiais do 35\u00ba Batalh\u00e3o da PM (35\u00ba BP M) quando circulava na Avenida Alfredo Camargo Melo, carregando duas [&hellip;]<\/p>\n","protected":false},"author":2,"featured_media":32505,"comment_status":"open","ping_status":"open","sticky":false,"template":"","format":"standard","meta":{"footnotes":""},"categories":[1899],"tags":[2221],"class_list":["post-32492","post","type-post","status-publish","format-standard","has-post-thumbnail","hentry","category-policia","tag-policia-2"],"_links":{"self":[{"href":"https:\/\/blogdodanielgalvao.com.br\/site\/wp-json\/wp\/v2\/posts\/32492","targetHints":{"allow":["GET"]}}],"collection":[{"href":"https:\/\/blogdodanielgalvao.com.br\/site\/wp-json\/wp\/v2\/posts"}],"about":[{"href":"https:\/\/blogdodanielgalvao.com.br\/site\/wp-json\/wp\/v2\/types\/post"}],"author":[{"embeddable":true,"href":"https:\/\/blogdodanielgalvao.com.br\/site\/wp-json\/wp\/v2\/users\/2"}],"replies":[{"embeddable":true,"href":"https:\/\/blogdodanielgalvao.com.br\/site\/wp-json\/wp\/v2\/comments?post=32492"}],"version-history":[{"count":1,"href":"https:\/\/blogdodanielgalvao.com.br\/site\/wp-json\/wp\/v2\/posts\/32492\/revisions"}],"predecessor-version":[{"id":32512,"href":"https:\/\/blogdodanielgalvao.com.br\/site\/wp-json\/wp\/v2\/posts\/32492\/revisions\/32512"}],"wp:featuredmedia":[{"embeddable":true,"href":"https:\/\/blogdodanielgalvao.com.br\/site\/wp-json\/wp\/v2\/media\/32505"}],"wp:attachment":[{"href":"https:\/\/blogdodanielgalvao.com.br\/site\/wp-json\/wp\/v2\/media?parent=32492"}],"wp:term":[{"taxonomy":"category","embeddable":true,"href":"https:\/\/blogdodanielgalvao.com.br\/site\/wp-json\/wp\/v2\/categories?post=32492"},{"taxonomy":"post_tag","embeddable":true,"href":"https:\/\/blogdodanielgalvao.com.br\/site\/wp-json\/wp\/v2\/tags?post=32492"}],"curies":[{"name":"wp","href":"https:\/\/api.w.org\/{rel}","templated":true}]}}