{"id":32485,"date":"2026-04-21T10:00:36","date_gmt":"2026-04-21T13:00:36","guid":{"rendered":"https:\/\/blogdodanielgalvao.com.br\/site\/?p=32485"},"modified":"2026-04-21T10:00:44","modified_gmt":"2026-04-21T13:00:44","slug":"uerj-abre-inscricoes-para-o-primeiro-exame-de-qualificacao-do-vestibular-2027","status":"publish","type":"post","link":"https:\/\/blogdodanielgalvao.com.br\/site\/uerj-abre-inscricoes-para-o-primeiro-exame-de-qualificacao-do-vestibular-2027\/","title":{"rendered":"Uerj abre inscri\u00e7\u00f5es para o primeiro exame de qualifica\u00e7\u00e3o do vestibular 2027"},"content":{"rendered":"\n<p>A Universidade do Estado do Rio de Janeiro (Uerj) deu in\u00edcio ao per\u00edodo de inscri\u00e7\u00f5es para o 1\u00ba Exame de Qualifica\u00e7\u00e3o do Vestibular Estadual 2027. Os interessados devem realizar o cadastro at\u00e9 o dia 6 de maio de 2026, exclusivamente pelo site oficial do processo seletivo.<\/p>\n\n\n\n<p>A prova, que representa a primeira fase do vestibular, ser\u00e1 aplicada no dia 7 de junho de 2026 e contar\u00e1 com 60 quest\u00f5es objetivas de m\u00faltipla escolha. O conte\u00fado abordar\u00e1 disciplinas das \u00e1reas de Linguagens, Matem\u00e1tica, Ci\u00eancias da Natureza e Ci\u00eancias Humanas.<\/p>\n\n\n\n<p>A efetiva\u00e7\u00e3o da inscri\u00e7\u00e3o est\u00e1 condicionada ao pagamento da taxa dentro do prazo estabelecido no boleto banc\u00e1rio. Sem a quita\u00e7\u00e3o, o candidato n\u00e3o ter\u00e1 participa\u00e7\u00e3o confirmada no exame.<\/p>\n\n\n\n<p>O processo seletivo da Uerj \u00e9 estruturado em duas etapas. A fase inicial corresponde aos exames de qualifica\u00e7\u00e3o, realizados em duas oportunidades ao longo do ano. J\u00e1 a etapa final, destinada aos candidatos aprovados em pelo menos uma dessas provas, \u00e9 composta pelo Exame Discursivo, que inclui reda\u00e7\u00e3o e avalia\u00e7\u00f5es espec\u00edficas conforme o curso escolhido.<\/p>\n\n\n\n<p>O desempenho no Exame de Qualifica\u00e7\u00e3o tem car\u00e1ter eliminat\u00f3rio e classificat\u00f3rio, sendo indispens\u00e1vel para o avan\u00e7o \u00e0 fase seguinte do vestibular.<\/p>\n\n\n\n<p>Reconhecida nacionalmente, a Uerj mant\u00e9m pol\u00edticas de inclus\u00e3o social, como o sistema de cotas, ampliando o acesso ao ensino superior p\u00fablico.&nbsp;&nbsp;&nbsp;&nbsp;&nbsp;<\/p>\n\n\n\n<p><strong>Servi\u00e7o<\/strong><\/p>\n\n\n\n<p>Processo seletivo Vestibular Estadual Uerj 2027<\/p>\n\n\n\n<p>Etapa 1\u00ba Exame de Qualifica\u00e7\u00e3o<\/p>\n\n\n\n<p>Inscri\u00e7\u00f5es at\u00e9 6 de maio de 2026<\/p>\n\n\n\n<p>Data da prova 7 de junho de 2026<\/p>\n\n\n\n<p>Local de inscri\u00e7\u00e3o:<\/p>\n\n\n\n<figure class=\"wp-block-embed is-type-wp-embed is-provider-portal-uerj wp-block-embed-portal-uerj\"><div class=\"wp-block-embed__wrapper\">\n<blockquote class=\"wp-embedded-content\" data-secret=\"kLbLKrxan1\"><a href=\"https:\/\/www.vestibular.uerj.br\/?p=16750\">Vestibular 2027 \u2013 Inscri\u00e7\u00e3o para o 1\u00ba Exame de Qualifica\u00e7\u00e3o<\/a><\/blockquote><iframe loading=\"lazy\" class=\"wp-embedded-content\" sandbox=\"allow-scripts\" security=\"restricted\" style=\"position: absolute; visibility: hidden;\" title=\"&#8220;Vestibular 2027 \u2013 Inscri\u00e7\u00e3o para o 1\u00ba Exame de Qualifica\u00e7\u00e3o&#8221; &#8212; Portal UERJ\" src=\"https:\/\/www.vestibular.uerj.br\/?p=16750&#038;embed=true#?secret=kLbLKrxan1\" data-secret=\"kLbLKrxan1\" width=\"600\" height=\"338\" frameborder=\"0\" marginwidth=\"0\" marginheight=\"0\" scrolling=\"no\"><\/iframe>\n<\/div><\/figure>\n","protected":false},"excerpt":{"rendered":"<p>A Universidade do Estado do Rio de Janeiro (Uerj) deu in\u00edcio ao per\u00edodo de inscri\u00e7\u00f5es para o 1\u00ba Exame de Qualifica\u00e7\u00e3o do Vestibular Estadual 2027. Os interessados devem realizar o cadastro at\u00e9 o dia 6 de maio de 2026, exclusivamente pelo site oficial do processo seletivo. A prova, que representa a primeira fase do vestibular, [&hellip;]<\/p>\n","protected":false},"author":2,"featured_media":32486,"comment_status":"open","ping_status":"open","sticky":false,"template":"","format":"standard","meta":{"footnotes":""},"categories":[2978,2097],"tags":[],"class_list":["post-32485","post","type-post","status-publish","format-standard","has-post-thumbnail","hentry","category-destaques-topo","category-educacao"],"_links":{"self":[{"href":"https:\/\/blogdodanielgalvao.com.br\/site\/wp-json\/wp\/v2\/posts\/32485","targetHints":{"allow":["GET"]}}],"collection":[{"href":"https:\/\/blogdodanielgalvao.com.br\/site\/wp-json\/wp\/v2\/posts"}],"about":[{"href":"https:\/\/blogdodanielgalvao.com.br\/site\/wp-json\/wp\/v2\/types\/post"}],"author":[{"embeddable":true,"href":"https:\/\/blogdodanielgalvao.com.br\/site\/wp-json\/wp\/v2\/users\/2"}],"replies":[{"embeddable":true,"href":"https:\/\/blogdodanielgalvao.com.br\/site\/wp-json\/wp\/v2\/comments?post=32485"}],"version-history":[{"count":1,"href":"https:\/\/blogdodanielgalvao.com.br\/site\/wp-json\/wp\/v2\/posts\/32485\/revisions"}],"predecessor-version":[{"id":32487,"href":"https:\/\/blogdodanielgalvao.com.br\/site\/wp-json\/wp\/v2\/posts\/32485\/revisions\/32487"}],"wp:featuredmedia":[{"embeddable":true,"href":"https:\/\/blogdodanielgalvao.com.br\/site\/wp-json\/wp\/v2\/media\/32486"}],"wp:attachment":[{"href":"https:\/\/blogdodanielgalvao.com.br\/site\/wp-json\/wp\/v2\/media?parent=32485"}],"wp:term":[{"taxonomy":"category","embeddable":true,"href":"https:\/\/blogdodanielgalvao.com.br\/site\/wp-json\/wp\/v2\/categories?post=32485"},{"taxonomy":"post_tag","embeddable":true,"href":"https:\/\/blogdodanielgalvao.com.br\/site\/wp-json\/wp\/v2\/tags?post=32485"}],"curies":[{"name":"wp","href":"https:\/\/api.w.org\/{rel}","templated":true}]}}