{"id":32482,"date":"2026-04-21T09:54:29","date_gmt":"2026-04-21T12:54:29","guid":{"rendered":"https:\/\/blogdodanielgalvao.com.br\/site\/?p=32482"},"modified":"2026-04-21T09:54:33","modified_gmt":"2026-04-21T12:54:33","slug":"mini-documentario-sobre-cultura-de-terreiro-sera-lancado-neste-sabado-em-sao-pedro-da-aldeia","status":"publish","type":"post","link":"https:\/\/blogdodanielgalvao.com.br\/site\/mini-documentario-sobre-cultura-de-terreiro-sera-lancado-neste-sabado-em-sao-pedro-da-aldeia\/","title":{"rendered":"Mini document\u00e1rio sobre cultura de terreiro ser\u00e1 lan\u00e7ado neste s\u00e1bado em S\u00e3o Pedro da Aldeia"},"content":{"rendered":"\n<p>O registro audiovisual produzido pelo Ponto de Cultura Il\u00ea As\u00e9 Iya Oju Omi surge como uma forma de preservar e difundir a mem\u00f3ria, a ancestralidade e os saberes da comunidade de terreiro, refor\u00e7ando seu papel como espa\u00e7o de resist\u00eancia cultural e constru\u00e7\u00e3o coletiva.<\/p>\n\n\n\n<p>Com aproximadamente 15 minutos de dura\u00e7\u00e3o, o mini document\u00e1rio \u201cIl\u00ea As\u00e9 Iya Oju Omi: Of\u00f3 e mem\u00f3rias da comunidade de povos de terreiros\u201d re\u00fane imagens, relatos e momentos marcantes da exposi\u00e7\u00e3o cultural realizada em mar\u00e7o, em S\u00e3o Pedro da Aldeia. A obra oferece uma narrativa sens\u00edvel e hist\u00f3rica sobre as viv\u00eancias da comunidade.<\/p>\n\n\n\n<p>A produ\u00e7\u00e3o revisita uma programa\u00e7\u00e3o que promoveu troca de conhecimentos e valoriza\u00e7\u00e3o da identidade cultural, ampliando inclusive as metas do projeto contemplado pelo edital Nossos Museus, da Secretaria de Estado de Cultura e Economia Criativa do Rio de Janeiro. Um dos diferenciais foi a inclus\u00e3o de conte\u00fados sobre o povo cigano, expandindo o escopo original da iniciativa.<\/p>\n\n\n\n<p>Durante o evento, o p\u00fablico participou de palestras, rodas de conversa, circuito expositivo guiado e apresenta\u00e7\u00f5es culturais. A programa\u00e7\u00e3o teve in\u00edcio com oficina de jongo e foi encerrada com samba, reunindo diversas express\u00f5es da cultura afro-brasileira.<\/p>\n\n\n\n<p>Entre os momentos de maior impacto esteve o resgate de mem\u00f3rias da comunidade, com acesso a registros fotogr\u00e1ficos antigos, permitindo que as gera\u00e7\u00f5es mais jovens se reconectassem com sua hist\u00f3ria e ancestralidade.<\/p>\n\n\n\n<p>A roda de conversa reuniu lideran\u00e7as e integrantes do terreiro para discutir a origem e trajet\u00f3ria do Il\u00ea As\u00e9 Iya Oju Omi, enquanto as palestras trouxeram reflex\u00f5es sobre os povos tradicionais de terreiro sob diferentes perspectivas sociais e culturais.<\/p>\n\n\n\n<p>\u201cO mini document\u00e1rio \u00e9 um registro muito especial de tudo que foi vivido nesse dia. Mais do que mostrar o evento, ele traz a hist\u00f3ria, a mem\u00f3ria e a ancestralidade da comunidade de forma verdadeira. \u00c9 um convite para que mais pessoas conhe\u00e7am o terreiro, entendam essa cultura e se aproximem com respeito. A expectativa \u00e9 que o p\u00fablico assista, se emocione e fa\u00e7a parte dessa constru\u00e7\u00e3o coletiva\u201d, afirmou a Iyaloris\u00e1 Maria Fiderioman, lideran\u00e7a religiosa e cultural da comunidade.<\/p>\n\n\n\n<p>O lan\u00e7amento do mini document\u00e1rio acontece neste s\u00e1bado (18), com exibi\u00e7\u00e3o dispon\u00edvel a partir da meia-noite no canal oficial Raio de Sol | Raio de Ouro, no YouTube, ampliando o acesso do p\u00fablico ao conte\u00fado.&nbsp;&nbsp;&nbsp;&nbsp;<\/p>\n","protected":false},"excerpt":{"rendered":"<p>O registro audiovisual produzido pelo Ponto de Cultura Il\u00ea As\u00e9 Iya Oju Omi surge como uma forma de preservar e difundir a mem\u00f3ria, a ancestralidade e os saberes da comunidade de terreiro, refor\u00e7ando seu papel como espa\u00e7o de resist\u00eancia cultural e constru\u00e7\u00e3o coletiva. Com aproximadamente 15 minutos de dura\u00e7\u00e3o, o mini document\u00e1rio \u201cIl\u00ea As\u00e9 Iya [&hellip;]<\/p>\n","protected":false},"author":2,"featured_media":32483,"comment_status":"open","ping_status":"open","sticky":false,"template":"","format":"standard","meta":{"footnotes":""},"categories":[2981,1887],"tags":[],"class_list":["post-32482","post","type-post","status-publish","format-standard","has-post-thumbnail","hentry","category-destaque-noticia-3","category-sao-pedro-da-aldeia"],"_links":{"self":[{"href":"https:\/\/blogdodanielgalvao.com.br\/site\/wp-json\/wp\/v2\/posts\/32482","targetHints":{"allow":["GET"]}}],"collection":[{"href":"https:\/\/blogdodanielgalvao.com.br\/site\/wp-json\/wp\/v2\/posts"}],"about":[{"href":"https:\/\/blogdodanielgalvao.com.br\/site\/wp-json\/wp\/v2\/types\/post"}],"author":[{"embeddable":true,"href":"https:\/\/blogdodanielgalvao.com.br\/site\/wp-json\/wp\/v2\/users\/2"}],"replies":[{"embeddable":true,"href":"https:\/\/blogdodanielgalvao.com.br\/site\/wp-json\/wp\/v2\/comments?post=32482"}],"version-history":[{"count":1,"href":"https:\/\/blogdodanielgalvao.com.br\/site\/wp-json\/wp\/v2\/posts\/32482\/revisions"}],"predecessor-version":[{"id":32484,"href":"https:\/\/blogdodanielgalvao.com.br\/site\/wp-json\/wp\/v2\/posts\/32482\/revisions\/32484"}],"wp:featuredmedia":[{"embeddable":true,"href":"https:\/\/blogdodanielgalvao.com.br\/site\/wp-json\/wp\/v2\/media\/32483"}],"wp:attachment":[{"href":"https:\/\/blogdodanielgalvao.com.br\/site\/wp-json\/wp\/v2\/media?parent=32482"}],"wp:term":[{"taxonomy":"category","embeddable":true,"href":"https:\/\/blogdodanielgalvao.com.br\/site\/wp-json\/wp\/v2\/categories?post=32482"},{"taxonomy":"post_tag","embeddable":true,"href":"https:\/\/blogdodanielgalvao.com.br\/site\/wp-json\/wp\/v2\/tags?post=32482"}],"curies":[{"name":"wp","href":"https:\/\/api.w.org\/{rel}","templated":true}]}}