{"id":32478,"date":"2026-04-21T07:35:00","date_gmt":"2026-04-21T10:35:00","guid":{"rendered":"https:\/\/blogdodanielgalvao.com.br\/site\/?p=32478"},"modified":"2026-04-20T19:37:53","modified_gmt":"2026-04-20T22:37:53","slug":"policia-rodoviaria-federal-recupera-caminhonete-roubada-em-rio-das-ostras","status":"publish","type":"post","link":"https:\/\/blogdodanielgalvao.com.br\/site\/policia-rodoviaria-federal-recupera-caminhonete-roubada-em-rio-das-ostras\/","title":{"rendered":"Pol\u00edcia Rodovi\u00e1ria Federal recupera caminhonete roubada em Rio das Ostras"},"content":{"rendered":"\n<p>Uma a\u00e7\u00e3o da Pol\u00edcia Rodovi\u00e1ria Federal (PRF) recuperou uma caminhonete roubada na Avenida Amaral Peixoto (RJ-106), na altura de Rio das Ostras, seguindo informa\u00e7\u00f5es de uma den\u00fancia an\u00f4nima sobre um ve\u00edculo fraudado.<\/p>\n\n\n\n<p>A a\u00e7\u00e3o aconteceu na noite desse domingo, 19, quando uma equipe do Grupo de Patrulhamento T\u00e1tico (GTP\/08) seguia as informa\u00e7\u00f5es sobre o ve\u00edculo irregular a caminho de Campos dos Goytacazes, no Norte Fluminense.<\/p>\n\n\n\n<p>A caminhonete foi localizada e abordada pelos policiais na RJ-106, na altura de Rio das Ostras, com o motorista revelando aos agentes que recebeu o carro na cidade de Duque de Caxias, na Regi\u00e3o Metropolitana do Rio.<\/p>\n\n\n\n<p>Segundo ele, que teria confessado se tratar de uma caminhonete roubada, o ve\u00edculo deveria ser entregue em Campos, em local pr\u00f3ximo ao Hospital Ferreira Machado, no bairro Caju, onde ele seria pago pelo servi\u00e7o.<\/p>\n\n\n\n<p>Em pesquisas aos sistemas, os policiais descobriram que a caminhonete tinha registro de roubo na 23\u00aa Delegacia de Pol\u00edcia Civil (23\u00aa DP), no bairro do M\u00e9ier, no Rio, em 2025, al\u00e9m de possuir sinais de adultera\u00e7\u00e3o n\u00e3o divulgados.<\/p>\n\n\n\n<p>A PRF informou ainda que, ap\u00f3s a opera\u00e7\u00e3o, a caminhonete recuperada foi levada para a 123\u00aa DP, de Maca\u00e9, onde o caso foi registrado. Nenhuma informa\u00e7\u00e3o sobre o motorista foi divulgada pela PRF.<\/p>\n","protected":false},"excerpt":{"rendered":"<p>Uma a\u00e7\u00e3o da Pol\u00edcia Rodovi\u00e1ria Federal (PRF) recuperou uma caminhonete roubada na Avenida Amaral Peixoto (RJ-106), na altura de Rio das Ostras, seguindo informa\u00e7\u00f5es de uma den\u00fancia an\u00f4nima sobre um ve\u00edculo fraudado. A a\u00e7\u00e3o aconteceu na noite desse domingo, 19, quando uma equipe do Grupo de Patrulhamento T\u00e1tico (GTP\/08) seguia as informa\u00e7\u00f5es sobre o ve\u00edculo [&hellip;]<\/p>\n","protected":false},"author":2,"featured_media":32479,"comment_status":"open","ping_status":"open","sticky":false,"template":"","format":"standard","meta":{"footnotes":""},"categories":[1899],"tags":[3437],"class_list":["post-32478","post","type-post","status-publish","format-standard","has-post-thumbnail","hentry","category-policia","tag-acao-da-prf-recupera-caminhonete-roubada-na-rj-106"],"_links":{"self":[{"href":"https:\/\/blogdodanielgalvao.com.br\/site\/wp-json\/wp\/v2\/posts\/32478","targetHints":{"allow":["GET"]}}],"collection":[{"href":"https:\/\/blogdodanielgalvao.com.br\/site\/wp-json\/wp\/v2\/posts"}],"about":[{"href":"https:\/\/blogdodanielgalvao.com.br\/site\/wp-json\/wp\/v2\/types\/post"}],"author":[{"embeddable":true,"href":"https:\/\/blogdodanielgalvao.com.br\/site\/wp-json\/wp\/v2\/users\/2"}],"replies":[{"embeddable":true,"href":"https:\/\/blogdodanielgalvao.com.br\/site\/wp-json\/wp\/v2\/comments?post=32478"}],"version-history":[{"count":1,"href":"https:\/\/blogdodanielgalvao.com.br\/site\/wp-json\/wp\/v2\/posts\/32478\/revisions"}],"predecessor-version":[{"id":32480,"href":"https:\/\/blogdodanielgalvao.com.br\/site\/wp-json\/wp\/v2\/posts\/32478\/revisions\/32480"}],"wp:featuredmedia":[{"embeddable":true,"href":"https:\/\/blogdodanielgalvao.com.br\/site\/wp-json\/wp\/v2\/media\/32479"}],"wp:attachment":[{"href":"https:\/\/blogdodanielgalvao.com.br\/site\/wp-json\/wp\/v2\/media?parent=32478"}],"wp:term":[{"taxonomy":"category","embeddable":true,"href":"https:\/\/blogdodanielgalvao.com.br\/site\/wp-json\/wp\/v2\/categories?post=32478"},{"taxonomy":"post_tag","embeddable":true,"href":"https:\/\/blogdodanielgalvao.com.br\/site\/wp-json\/wp\/v2\/tags?post=32478"}],"curies":[{"name":"wp","href":"https:\/\/api.w.org\/{rel}","templated":true}]}}