{"id":32475,"date":"2026-04-21T07:27:00","date_gmt":"2026-04-21T10:27:00","guid":{"rendered":"https:\/\/blogdodanielgalvao.com.br\/site\/?p=32475"},"modified":"2026-04-20T19:33:46","modified_gmt":"2026-04-20T22:33:46","slug":"suspeitos-sao-flagrados-comercializando-drogas-durante-monitoramento-policial-em-macae","status":"publish","type":"post","link":"https:\/\/blogdodanielgalvao.com.br\/site\/suspeitos-sao-flagrados-comercializando-drogas-durante-monitoramento-policial-em-macae\/","title":{"rendered":"Suspeitos s\u00e3o flagrados comercializando drogas durante monitoramento policial em Maca\u00e9"},"content":{"rendered":"\n<p>Dois homens foram presos em Maca\u00e9 no \u00faltimo final de semana no Parque Aeroporto por envolvimento com o tr\u00e1fico de drogas. A a\u00e7\u00e3o foi conduzida por policiais civis da 123\u00aa DP e contou com a coordena\u00e7\u00e3o dos delegados Dr. Pedro Em\u00edlio e Dr. Mauro Gon\u00e7alves.<\/p>\n\n\n\n<p>Os dois foram localizados durante uma dilig\u00eancia na Rua Durvalina Moura de Andrade, local conhecido como Pra\u00e7a do \u201cPiche\u201d. De acordo com a ocorr\u00eancia, os policiais observaram os suspeitos durante um monitoramento, momento em que eles foram flagrados comercializando entorpecentes.<\/p>\n\n\n\n<p>Com base nas informa\u00e7\u00f5es colhidas, os policiais decidiram realizar a abordagem e encontraram a dupla 23 por\u00e7\u00f5es de maconha e 20 inv\u00f3lucros de coca\u00edna. Os agentes tamb\u00e9m encontraram uma quantia de dinheiro em esp\u00e9cie. Os valores n\u00e3o foram revelados.<\/p>\n\n\n\n<p>Os dois foram conduzidos para a 123\u00aa DP, onde foram autuados em flagrante por tr\u00e1fico de drogas e associa\u00e7\u00e3o para o tr\u00e1fico. Eles agora permanecem \u00e0 disposi\u00e7\u00e3o da Justi\u00e7a.<\/p>\n","protected":false},"excerpt":{"rendered":"<p>Dois homens foram presos em Maca\u00e9 no \u00faltimo final de semana no Parque Aeroporto por envolvimento com o tr\u00e1fico de drogas. A a\u00e7\u00e3o foi conduzida por policiais civis da 123\u00aa DP e contou com a coordena\u00e7\u00e3o dos delegados Dr. Pedro Em\u00edlio e Dr. Mauro Gon\u00e7alves. Os dois foram localizados durante uma dilig\u00eancia na Rua Durvalina [&hellip;]<\/p>\n","protected":false},"author":2,"featured_media":32476,"comment_status":"open","ping_status":"open","sticky":false,"template":"","format":"standard","meta":{"footnotes":""},"categories":[2978,1899],"tags":[3433],"class_list":["post-32475","post","type-post","status-publish","format-standard","has-post-thumbnail","hentry","category-destaques-topo","category-policia","tag-local-conhecido-como-praca-do-piche-de-acordo-com-a-ocorrencia"],"_links":{"self":[{"href":"https:\/\/blogdodanielgalvao.com.br\/site\/wp-json\/wp\/v2\/posts\/32475","targetHints":{"allow":["GET"]}}],"collection":[{"href":"https:\/\/blogdodanielgalvao.com.br\/site\/wp-json\/wp\/v2\/posts"}],"about":[{"href":"https:\/\/blogdodanielgalvao.com.br\/site\/wp-json\/wp\/v2\/types\/post"}],"author":[{"embeddable":true,"href":"https:\/\/blogdodanielgalvao.com.br\/site\/wp-json\/wp\/v2\/users\/2"}],"replies":[{"embeddable":true,"href":"https:\/\/blogdodanielgalvao.com.br\/site\/wp-json\/wp\/v2\/comments?post=32475"}],"version-history":[{"count":1,"href":"https:\/\/blogdodanielgalvao.com.br\/site\/wp-json\/wp\/v2\/posts\/32475\/revisions"}],"predecessor-version":[{"id":32477,"href":"https:\/\/blogdodanielgalvao.com.br\/site\/wp-json\/wp\/v2\/posts\/32475\/revisions\/32477"}],"wp:featuredmedia":[{"embeddable":true,"href":"https:\/\/blogdodanielgalvao.com.br\/site\/wp-json\/wp\/v2\/media\/32476"}],"wp:attachment":[{"href":"https:\/\/blogdodanielgalvao.com.br\/site\/wp-json\/wp\/v2\/media?parent=32475"}],"wp:term":[{"taxonomy":"category","embeddable":true,"href":"https:\/\/blogdodanielgalvao.com.br\/site\/wp-json\/wp\/v2\/categories?post=32475"},{"taxonomy":"post_tag","embeddable":true,"href":"https:\/\/blogdodanielgalvao.com.br\/site\/wp-json\/wp\/v2\/tags?post=32475"}],"curies":[{"name":"wp","href":"https:\/\/api.w.org\/{rel}","templated":true}]}}