{"id":32472,"date":"2026-04-20T19:24:31","date_gmt":"2026-04-20T22:24:31","guid":{"rendered":"https:\/\/blogdodanielgalvao.com.br\/site\/?p=32472"},"modified":"2026-04-20T19:24:34","modified_gmt":"2026-04-20T22:24:34","slug":"concurso-publico-da-saude-em-macae-tera-prova-objetiva-e-avaliacao-de-titulos","status":"publish","type":"post","link":"https:\/\/blogdodanielgalvao.com.br\/site\/concurso-publico-da-saude-em-macae-tera-prova-objetiva-e-avaliacao-de-titulos\/","title":{"rendered":"Concurso p\u00fablico da Sa\u00fade em Maca\u00e9 ter\u00e1 prova objetiva e avalia\u00e7\u00e3o de t\u00edtulos"},"content":{"rendered":"\n<p>Maca\u00e9 est\u00e1 com inscri\u00e7\u00f5es abertas para o Concurso P\u00fablico da \u00e1rea de Sa\u00fade. Os interessados devem ficar atentos uma vez que o prazo de inscri\u00e7\u00e3o vai at\u00e9 a pr\u00f3xima quinta-feira (30), \u00e0s 16h. Ao todo, est\u00e3o sendo oferecidas 191 vagas para cargos efetivos na cidade.<\/p>\n\n\n\n<p>A inscri\u00e7\u00e3o ser\u00e1 realizada exclusivamente pela internet por meio do site da Funda\u00e7\u00e3o Get\u00falio Vargas (FGV). As taxas de inscri\u00e7\u00e3o s\u00e3o de R$ 90 para cargos de n\u00edvel m\u00e9dio e R$ 170 para n\u00edvel superior. O pagamento ser\u00e1 gerado por meio do Documento de Arrecada\u00e7\u00e3o Municipal (DAM), dispon\u00edvel ao final do processo de inscri\u00e7\u00e3o.<\/p>\n\n\n\n<p>De acordo com o poder p\u00fablico, o processo seletivo ser\u00e1 realizado por meio de uma prova objetiva, com car\u00e1ter eliminat\u00f3rio e classificat\u00f3rio para todos os cargos. A prova dever\u00e1 ser aplicada no dia 21 de junho deste ano, em dois turnos: das 8h \u00e0s 12h30 no turno da manh\u00e3 para candidatos de n\u00edvel superior, e \u00e0 tarde, das 15h30 \u00e0s 19h30, para o n\u00edvel m\u00e9dio. Para os cargos de n\u00edvel superior, haver\u00e1 ainda avalia\u00e7\u00e3o de t\u00edtulos.<\/p>\n\n\n\n<p>Do total de vagas dispon\u00edveis, 10 delas ser\u00e3o destinadas ao cargo de T\u00e9cnico em Sa\u00fade Bucal, com carga hor\u00e1ria de 30 horas semanais. Aqui o vencimento base ser\u00e1 de R 2497,34. As demais vagas, 181 no total, ser\u00e3o destinadas ao ensino superior e v\u00e3o contemplar diversas especialidades m\u00e9dicas e odontol\u00f3gicas.<\/p>\n\n\n\n<p>Para odontologia est\u00e3o dispon\u00edveis vagas para cirurgi\u00f5es-dentistas em variadas especialidades, como estomatologia, pr\u00f3tese, atendimento a pacientes com necessidades especiais, bucomaxilofacial, endodontia e odontopediatria.<\/p>\n\n\n\n<p>J\u00e1 na \u00e1rea m\u00e9dica, destacam-se vagas para M\u00e9dico da Estrat\u00e9gia Sa\u00fade da Fam\u00edlia (ESF), com 29 oportunidades e carga hor\u00e1ria de 40 horas semanais, al\u00e9m de M\u00e9dico Diarista Pediatra, com 43 vagas. O edital tamb\u00e9m contempla diversas outras especialidades, como cardiologia, neurologia, psiquiatria, pneumologia, entre outras.<\/p>\n\n\n\n<p>O concurso prev\u00ea ainda vagas para Enfermeiro do Trabalho e a realiza\u00e7\u00e3o de etapas de heteroidentifica\u00e7\u00e3o e avalia\u00e7\u00e3o biopsicossocial para candidatos que concorrerem \u00e0s vagas reservadas. O edital assegura a reserva de 10% das vagas para Pessoas com Defici\u00eancia (PcD) e 20% para candidatos negros, conforme a legisla\u00e7\u00e3o vigente.<\/p>\n\n\n\n<p>Os candidatos aprovados participar\u00e3o do Programa de Integra\u00e7\u00e3o e Inicia\u00e7\u00e3o ao Servi\u00e7o P\u00fablico Municipal, promovido pela Escola do Servidor, antes do in\u00edcio das atividades.<\/p>\n\n\n\n<p>O prazo de validade do concurso ser\u00e1 de dois anos, a contar da homologa\u00e7\u00e3o do resultado final, podendo ser prorrogado uma \u00fanica vez por igual per\u00edodo.<\/p>\n","protected":false},"excerpt":{"rendered":"<p>Maca\u00e9 est\u00e1 com inscri\u00e7\u00f5es abertas para o Concurso P\u00fablico da \u00e1rea de Sa\u00fade. Os interessados devem ficar atentos uma vez que o prazo de inscri\u00e7\u00e3o vai at\u00e9 a pr\u00f3xima quinta-feira (30), \u00e0s 16h. Ao todo, est\u00e3o sendo oferecidas 191 vagas para cargos efetivos na cidade. A inscri\u00e7\u00e3o ser\u00e1 realizada exclusivamente pela internet por meio do [&hellip;]<\/p>\n","protected":false},"author":2,"featured_media":32473,"comment_status":"open","ping_status":"open","sticky":false,"template":"","format":"standard","meta":{"footnotes":""},"categories":[2978,2113],"tags":[3432],"class_list":["post-32472","post","type-post","status-publish","format-standard","has-post-thumbnail","hentry","category-destaques-topo","category-saude","tag-concurso-publico-da-saude-em-macae"],"_links":{"self":[{"href":"https:\/\/blogdodanielgalvao.com.br\/site\/wp-json\/wp\/v2\/posts\/32472","targetHints":{"allow":["GET"]}}],"collection":[{"href":"https:\/\/blogdodanielgalvao.com.br\/site\/wp-json\/wp\/v2\/posts"}],"about":[{"href":"https:\/\/blogdodanielgalvao.com.br\/site\/wp-json\/wp\/v2\/types\/post"}],"author":[{"embeddable":true,"href":"https:\/\/blogdodanielgalvao.com.br\/site\/wp-json\/wp\/v2\/users\/2"}],"replies":[{"embeddable":true,"href":"https:\/\/blogdodanielgalvao.com.br\/site\/wp-json\/wp\/v2\/comments?post=32472"}],"version-history":[{"count":1,"href":"https:\/\/blogdodanielgalvao.com.br\/site\/wp-json\/wp\/v2\/posts\/32472\/revisions"}],"predecessor-version":[{"id":32474,"href":"https:\/\/blogdodanielgalvao.com.br\/site\/wp-json\/wp\/v2\/posts\/32472\/revisions\/32474"}],"wp:featuredmedia":[{"embeddable":true,"href":"https:\/\/blogdodanielgalvao.com.br\/site\/wp-json\/wp\/v2\/media\/32473"}],"wp:attachment":[{"href":"https:\/\/blogdodanielgalvao.com.br\/site\/wp-json\/wp\/v2\/media?parent=32472"}],"wp:term":[{"taxonomy":"category","embeddable":true,"href":"https:\/\/blogdodanielgalvao.com.br\/site\/wp-json\/wp\/v2\/categories?post=32472"},{"taxonomy":"post_tag","embeddable":true,"href":"https:\/\/blogdodanielgalvao.com.br\/site\/wp-json\/wp\/v2\/tags?post=32472"}],"curies":[{"name":"wp","href":"https:\/\/api.w.org\/{rel}","templated":true}]}}