{"id":32467,"date":"2026-04-20T18:59:54","date_gmt":"2026-04-20T21:59:54","guid":{"rendered":"https:\/\/blogdodanielgalvao.com.br\/site\/?p=32467"},"modified":"2026-04-20T18:59:57","modified_gmt":"2026-04-20T21:59:57","slug":"grave-acidente-na-altura-de-tapera-deixa-duas-vitimas-fatais-em-campos","status":"publish","type":"post","link":"https:\/\/blogdodanielgalvao.com.br\/site\/grave-acidente-na-altura-de-tapera-deixa-duas-vitimas-fatais-em-campos\/","title":{"rendered":"Grave acidente na altura de Tapera deixa duas v\u00edtimas fatais em Campos"},"content":{"rendered":"\n<p>Um grave acidente de tr\u00e2nsito na BR-101 resultou na morte de duas pessoas. Ele foi registrado na noite do \u00faltimo domingo (19) quando uma moto colidiu com um caminh\u00e3o na altura de Tapera, em Campos.<\/p>\n\n\n\n<p>Segundo informa\u00e7\u00f5es, o casal que estava na moto n\u00e3o resistiu aos ferimentos. Equipes de resgate chegaram a ser acionadas ap\u00f3s o acidente, mas ambas as v\u00edtimas n\u00e3o resistiram aos ferimentos, vindo a falecer ainda no local.<\/p>\n\n\n\n<p>Os corpos foram removidos e encaminhados para o Instituto M\u00e9dico Legal (IML). O caso foi registrado na 134\u00aa DP de Campos, onde est\u00e1 sendo conduzido uma investiga\u00e7\u00e3o para apurar as causas do acidente.<\/p>\n","protected":false},"excerpt":{"rendered":"<p>Um grave acidente de tr\u00e2nsito na BR-101 resultou na morte de duas pessoas. Ele foi registrado na noite do \u00faltimo domingo (19) quando uma moto colidiu com um caminh\u00e3o na altura de Tapera, em Campos. Segundo informa\u00e7\u00f5es, o casal que estava na moto n\u00e3o resistiu aos ferimentos. Equipes de resgate chegaram a ser acionadas ap\u00f3s [&hellip;]<\/p>\n","protected":false},"author":2,"featured_media":32469,"comment_status":"open","ping_status":"open","sticky":false,"template":"","format":"standard","meta":{"footnotes":""},"categories":[1899],"tags":[],"class_list":["post-32467","post","type-post","status-publish","format-standard","has-post-thumbnail","hentry","category-policia"],"_links":{"self":[{"href":"https:\/\/blogdodanielgalvao.com.br\/site\/wp-json\/wp\/v2\/posts\/32467","targetHints":{"allow":["GET"]}}],"collection":[{"href":"https:\/\/blogdodanielgalvao.com.br\/site\/wp-json\/wp\/v2\/posts"}],"about":[{"href":"https:\/\/blogdodanielgalvao.com.br\/site\/wp-json\/wp\/v2\/types\/post"}],"author":[{"embeddable":true,"href":"https:\/\/blogdodanielgalvao.com.br\/site\/wp-json\/wp\/v2\/users\/2"}],"replies":[{"embeddable":true,"href":"https:\/\/blogdodanielgalvao.com.br\/site\/wp-json\/wp\/v2\/comments?post=32467"}],"version-history":[{"count":1,"href":"https:\/\/blogdodanielgalvao.com.br\/site\/wp-json\/wp\/v2\/posts\/32467\/revisions"}],"predecessor-version":[{"id":32471,"href":"https:\/\/blogdodanielgalvao.com.br\/site\/wp-json\/wp\/v2\/posts\/32467\/revisions\/32471"}],"wp:featuredmedia":[{"embeddable":true,"href":"https:\/\/blogdodanielgalvao.com.br\/site\/wp-json\/wp\/v2\/media\/32469"}],"wp:attachment":[{"href":"https:\/\/blogdodanielgalvao.com.br\/site\/wp-json\/wp\/v2\/media?parent=32467"}],"wp:term":[{"taxonomy":"category","embeddable":true,"href":"https:\/\/blogdodanielgalvao.com.br\/site\/wp-json\/wp\/v2\/categories?post=32467"},{"taxonomy":"post_tag","embeddable":true,"href":"https:\/\/blogdodanielgalvao.com.br\/site\/wp-json\/wp\/v2\/tags?post=32467"}],"curies":[{"name":"wp","href":"https:\/\/api.w.org\/{rel}","templated":true}]}}