{"id":32460,"date":"2026-04-20T18:39:22","date_gmt":"2026-04-20T21:39:22","guid":{"rendered":"https:\/\/blogdodanielgalvao.com.br\/site\/?p=32460"},"modified":"2026-04-20T18:39:27","modified_gmt":"2026-04-20T21:39:27","slug":"festa-de-sao-jorge-tem-programacao-em-rio-das-ostras-ate-o-feriado-do-dia-23","status":"publish","type":"post","link":"https:\/\/blogdodanielgalvao.com.br\/site\/festa-de-sao-jorge-tem-programacao-em-rio-das-ostras-ate-o-feriado-do-dia-23\/","title":{"rendered":"Festa de S\u00e3o Jorge tem programa\u00e7\u00e3o em Rio das Ostras at\u00e9 o feriado do dia 23"},"content":{"rendered":"\n<p>Continua nessa ter\u00e7a-feira, 21, feriado do Dia de Tiradentes, a tradicional Festa de S\u00e3o Jorge, iniciada nessa segunda-feira, 20, no bairro \u00c2ncora, em Rio das Ostras, organizada pela Par\u00f3quia S\u00e3o Jorge das Miss\u00f5es.<\/p>\n\n\n\n<p>De acordo com a organiza\u00e7\u00e3o do evento, a programa\u00e7\u00e3o, que segue at\u00e9 essa quinta-feira, 23, feriado do Dia de S\u00e3o Jorge, inclui tr\u00edduo, missas campais, prociss\u00e3o e atividades comunit\u00e1rias no bairro, reunindo fi\u00e9is em momentos de ora\u00e7\u00e3o e conviv\u00eancia.<\/p>\n\n\n\n<p>A festa come\u00e7ou nessa segunda com o tr\u00edduo preparat\u00f3rio, que consiste em 3 dias de ora\u00e7\u00e3o, reflex\u00e3o e celebra\u00e7\u00e3o da Igreja Cat\u00f3lica, e que antecede o dia festivo, e com uma missa realizada durante a noite.<\/p>\n\n\n\n<p>Nessa ter\u00e7a, acontece o 2\u00ba dia do tr\u00edduo, a partir das 16h, com a abertura das barracas, seguida de uma missa campal, \u00e0s 17h, e a realiza\u00e7\u00e3o de um bingo e um leil\u00e3o, \u00e0s 19h, e encerrando com um show cat\u00f3lico, \u00e0s 21h.<\/p>\n\n\n\n<p>A programa\u00e7\u00e3o segue nessa quarta-feira, 22, com o \u00faltimo dia do tr\u00edduo, a partir das 18h, com a abertura das barracas, seguida de uma missa campal \u00e0s 19h30, e de mais uma apresenta\u00e7\u00e3o musical, fechando a noite, a partir das 21h30.<\/p>\n\n\n\n<p>E no feriado, nessa quinta-feira, a festa come\u00e7a mais cedo, a partir das 9h, com a abertura das barracas, seguida da 1\u00aa primeira missa campal, \u00e0s 10h, em uma programa\u00e7\u00e3o que conta ainda com almo\u00e7o comunit\u00e1rio, bingo, leil\u00e3o e atividades voltadas \u00e0s crian\u00e7as.<\/p>\n\n\n\n<p>Um dos destaques da programa\u00e7\u00e3o ser\u00e1 a Feijoada de S\u00e3o Jorge, servida com arroz, feijoada, couve e farofa, que pode ser adquirida de forma antecipada pele valor de 20 reais, ou por 25 reais caso a compra seja feita na hora, tudo ao som da dupla As Florroseiras.<\/p>\n\n\n\n<p>Na parte da tarde, uma nova missa acontece \u00e0s 17h, seguida da tradicional prociss\u00e3o \u00e0s 18h30, momento central da festa, que expressa a devo\u00e7\u00e3o ao santo, antes do encerramento da solenidade, com mais um show cat\u00f3lico, a partir das 20h.<\/p>\n\n\n\n<p>Promovida pela Par\u00f3quia S\u00e3o Jorge das Miss\u00f5es, a Festa de S\u00e3o Jorge acontece na Rua dos L\u00edrios, 20, no \u00c2ncora, com atividades em espa\u00e7o aberto e estrutura montada no estacionamento em frente \u00e0 Escola Municipal Ondina Pinto Marcondes.<\/p>\n","protected":false},"excerpt":{"rendered":"<p>Continua nessa ter\u00e7a-feira, 21, feriado do Dia de Tiradentes, a tradicional Festa de S\u00e3o Jorge, iniciada nessa segunda-feira, 20, no bairro \u00c2ncora, em Rio das Ostras, organizada pela Par\u00f3quia S\u00e3o Jorge das Miss\u00f5es. De acordo com a organiza\u00e7\u00e3o do evento, a programa\u00e7\u00e3o, que segue at\u00e9 essa quinta-feira, 23, feriado do Dia de S\u00e3o Jorge, inclui [&hellip;]<\/p>\n","protected":false},"author":2,"featured_media":32461,"comment_status":"open","ping_status":"open","sticky":false,"template":"","format":"standard","meta":{"footnotes":""},"categories":[2978,4],"tags":[3430],"class_list":["post-32460","post","type-post","status-publish","format-standard","has-post-thumbnail","hentry","category-destaques-topo","category-rio-das-ostras","tag-festa-de-sao-jorge-no-ancora"],"_links":{"self":[{"href":"https:\/\/blogdodanielgalvao.com.br\/site\/wp-json\/wp\/v2\/posts\/32460","targetHints":{"allow":["GET"]}}],"collection":[{"href":"https:\/\/blogdodanielgalvao.com.br\/site\/wp-json\/wp\/v2\/posts"}],"about":[{"href":"https:\/\/blogdodanielgalvao.com.br\/site\/wp-json\/wp\/v2\/types\/post"}],"author":[{"embeddable":true,"href":"https:\/\/blogdodanielgalvao.com.br\/site\/wp-json\/wp\/v2\/users\/2"}],"replies":[{"embeddable":true,"href":"https:\/\/blogdodanielgalvao.com.br\/site\/wp-json\/wp\/v2\/comments?post=32460"}],"version-history":[{"count":1,"href":"https:\/\/blogdodanielgalvao.com.br\/site\/wp-json\/wp\/v2\/posts\/32460\/revisions"}],"predecessor-version":[{"id":32462,"href":"https:\/\/blogdodanielgalvao.com.br\/site\/wp-json\/wp\/v2\/posts\/32460\/revisions\/32462"}],"wp:featuredmedia":[{"embeddable":true,"href":"https:\/\/blogdodanielgalvao.com.br\/site\/wp-json\/wp\/v2\/media\/32461"}],"wp:attachment":[{"href":"https:\/\/blogdodanielgalvao.com.br\/site\/wp-json\/wp\/v2\/media?parent=32460"}],"wp:term":[{"taxonomy":"category","embeddable":true,"href":"https:\/\/blogdodanielgalvao.com.br\/site\/wp-json\/wp\/v2\/categories?post=32460"},{"taxonomy":"post_tag","embeddable":true,"href":"https:\/\/blogdodanielgalvao.com.br\/site\/wp-json\/wp\/v2\/tags?post=32460"}],"curies":[{"name":"wp","href":"https:\/\/api.w.org\/{rel}","templated":true}]}}