{"id":32454,"date":"2026-04-20T18:19:47","date_gmt":"2026-04-20T21:19:47","guid":{"rendered":"https:\/\/blogdodanielgalvao.com.br\/site\/?p=32454"},"modified":"2026-04-20T18:20:38","modified_gmt":"2026-04-20T21:20:38","slug":"acao-rapida-da-pm-resulta-na-recuperacao-de-veiculo-em-macae","status":"publish","type":"post","link":"https:\/\/blogdodanielgalvao.com.br\/site\/acao-rapida-da-pm-resulta-na-recuperacao-de-veiculo-em-macae\/","title":{"rendered":"A\u00e7\u00e3o r\u00e1pida da PM resulta na recupera\u00e7\u00e3o de ve\u00edculo em Maca\u00e9"},"content":{"rendered":"\n<p>A Pol\u00edcia Militar conseguiu recuperar no \u00faltimo s\u00e1bado (18) um ve\u00edculo furtado em Maca\u00e9. Segundo informa\u00e7\u00f5es, o pr\u00f3prio dono do autom\u00f3vel procurou os policiais para relatar o furto ocorrido na regi\u00e3o serrana.<\/p>\n\n\n\n<p>Com base nas informa\u00e7\u00f5es fornecidas pelo propriet\u00e1rio, os policiais montaram a opera\u00e7\u00e3o e deram in\u00edcio \u00e0s buscas. O ve\u00edculo foi localizado na entrada da Ch\u00e1cara Novo Horizonte, no bairro Trap\u00f3lio.<\/p>\n\n\n\n<p>Os policiais afirmaram tamb\u00e9m ter recuperado itens pessoais da v\u00edtima no interior do ve\u00edculo. O caso foi registrado na 123\u00aa DP, onde o autom\u00f3vel foi levado e ser\u00e1 submetido a per\u00edcia.<\/p>\n","protected":false},"excerpt":{"rendered":"<p>A Pol\u00edcia Militar conseguiu recuperar no \u00faltimo s\u00e1bado (18) um ve\u00edculo furtado em Maca\u00e9. Segundo informa\u00e7\u00f5es, o pr\u00f3prio dono do autom\u00f3vel procurou os policiais para relatar o furto ocorrido na regi\u00e3o serrana. Com base nas informa\u00e7\u00f5es fornecidas pelo propriet\u00e1rio, os policiais montaram a opera\u00e7\u00e3o e deram in\u00edcio \u00e0s buscas. O ve\u00edculo foi localizado na entrada [&hellip;]<\/p>\n","protected":false},"author":2,"featured_media":32455,"comment_status":"open","ping_status":"open","sticky":false,"template":"","format":"standard","meta":{"footnotes":""},"categories":[1899],"tags":[221],"class_list":["post-32454","post","type-post","status-publish","format-standard","has-post-thumbnail","hentry","category-policia","tag-policia-militar"],"_links":{"self":[{"href":"https:\/\/blogdodanielgalvao.com.br\/site\/wp-json\/wp\/v2\/posts\/32454","targetHints":{"allow":["GET"]}}],"collection":[{"href":"https:\/\/blogdodanielgalvao.com.br\/site\/wp-json\/wp\/v2\/posts"}],"about":[{"href":"https:\/\/blogdodanielgalvao.com.br\/site\/wp-json\/wp\/v2\/types\/post"}],"author":[{"embeddable":true,"href":"https:\/\/blogdodanielgalvao.com.br\/site\/wp-json\/wp\/v2\/users\/2"}],"replies":[{"embeddable":true,"href":"https:\/\/blogdodanielgalvao.com.br\/site\/wp-json\/wp\/v2\/comments?post=32454"}],"version-history":[{"count":1,"href":"https:\/\/blogdodanielgalvao.com.br\/site\/wp-json\/wp\/v2\/posts\/32454\/revisions"}],"predecessor-version":[{"id":32456,"href":"https:\/\/blogdodanielgalvao.com.br\/site\/wp-json\/wp\/v2\/posts\/32454\/revisions\/32456"}],"wp:featuredmedia":[{"embeddable":true,"href":"https:\/\/blogdodanielgalvao.com.br\/site\/wp-json\/wp\/v2\/media\/32455"}],"wp:attachment":[{"href":"https:\/\/blogdodanielgalvao.com.br\/site\/wp-json\/wp\/v2\/media?parent=32454"}],"wp:term":[{"taxonomy":"category","embeddable":true,"href":"https:\/\/blogdodanielgalvao.com.br\/site\/wp-json\/wp\/v2\/categories?post=32454"},{"taxonomy":"post_tag","embeddable":true,"href":"https:\/\/blogdodanielgalvao.com.br\/site\/wp-json\/wp\/v2\/tags?post=32454"}],"curies":[{"name":"wp","href":"https:\/\/api.w.org\/{rel}","templated":true}]}}