{"id":32448,"date":"2026-04-20T18:02:02","date_gmt":"2026-04-20T21:02:02","guid":{"rendered":"https:\/\/blogdodanielgalvao.com.br\/site\/?p=32448"},"modified":"2026-04-20T18:02:06","modified_gmt":"2026-04-20T21:02:06","slug":"acusado-de-tortura-em-area-de-mata-e-tentativa-de-execucao-e-preso-em-macae","status":"publish","type":"post","link":"https:\/\/blogdodanielgalvao.com.br\/site\/acusado-de-tortura-em-area-de-mata-e-tentativa-de-execucao-e-preso-em-macae\/","title":{"rendered":"Acusado de tortura em \u00e1rea de mata e tentativa de execu\u00e7\u00e3o \u00e9 preso em Maca\u00e9"},"content":{"rendered":"\n<p>A Civil de Maca\u00e9 prendeu neste fim de semana um homem acusado de tentativa de homic\u00eddio e tortura. Ele foi localizado e capturado no bairro Jardim Franco na \u00faltima sexta-feira (17), momento em que as autoridades conseguiram cumprir com os dois mandados de pris\u00e3o pelos crimes acima citados.<\/p>\n\n\n\n<p>O primeiro mandado de pris\u00e3o est\u00e1 relacionado ao crime cometido no dia 23 de junho de 2025, nas proximidades da Vila Badejo. Na ocasi\u00e3o, um homem foi submetido a um espancamento em uma \u00e1rea de mata por traficantes da localidade. A motiva\u00e7\u00e3o teria sido uma suspeita de que ele estava atuando de forma independente no com\u00e9rcio il\u00edcito de drogas.<\/p>\n\n\n\n<p>J\u00e1 o segundo mandado corresponde ao crime praticado no bairro Parque Aeroporto, no dia 12 de fevereiro deste ano. Na ocasi\u00e3o, a v\u00edtima foi cerca por diversos integrantes de uma fac\u00e7\u00e3o criminosa e violentamente agredida com peda\u00e7\u00f5es de madeira, sendo arrastada na sequ\u00eancia para uma \u00e1rea deserta, onde seria executada por ordem de lideran\u00e7a local. A v\u00edtima conseguiu fugir e sobreviver ao ataque, sendo socorrida na sequ\u00eancia em uma unidade de sa\u00fade.<\/p>\n\n\n\n<p>A pol\u00edcia afirma tamb\u00e9m que o preso neste fim de semana \u00e9 vinculado \u00e0 fac\u00e7\u00e3o CV. Com base em provas robustas, foram expedidos os mandados de pris\u00e3o contra o acusado. No ato de pris\u00e3o, os policiais tamb\u00e9m encontraram uma moto com sinais de adultera\u00e7\u00e3o. Por esse motivo, o acusado ir\u00e1 responder tamb\u00e9m pelo crime de adultera\u00e7\u00e3o de sinal identificador de ve\u00edculo.<\/p>\n","protected":false},"excerpt":{"rendered":"<p>A Civil de Maca\u00e9 prendeu neste fim de semana um homem acusado de tentativa de homic\u00eddio e tortura. Ele foi localizado e capturado no bairro Jardim Franco na \u00faltima sexta-feira (17), momento em que as autoridades conseguiram cumprir com os dois mandados de pris\u00e3o pelos crimes acima citados. O primeiro mandado de pris\u00e3o est\u00e1 relacionado [&hellip;]<\/p>\n","protected":false},"author":2,"featured_media":32449,"comment_status":"open","ping_status":"open","sticky":false,"template":"","format":"standard","meta":{"footnotes":""},"categories":[2980,1899],"tags":[3429],"class_list":["post-32448","post","type-post","status-publish","format-standard","has-post-thumbnail","hentry","category-destaque-noticia-2","category-policia","tag-os-policiais-tambem-encontraram-uma-moto-com-sinais-de-adulteracao-por-esse-motivo"],"_links":{"self":[{"href":"https:\/\/blogdodanielgalvao.com.br\/site\/wp-json\/wp\/v2\/posts\/32448","targetHints":{"allow":["GET"]}}],"collection":[{"href":"https:\/\/blogdodanielgalvao.com.br\/site\/wp-json\/wp\/v2\/posts"}],"about":[{"href":"https:\/\/blogdodanielgalvao.com.br\/site\/wp-json\/wp\/v2\/types\/post"}],"author":[{"embeddable":true,"href":"https:\/\/blogdodanielgalvao.com.br\/site\/wp-json\/wp\/v2\/users\/2"}],"replies":[{"embeddable":true,"href":"https:\/\/blogdodanielgalvao.com.br\/site\/wp-json\/wp\/v2\/comments?post=32448"}],"version-history":[{"count":1,"href":"https:\/\/blogdodanielgalvao.com.br\/site\/wp-json\/wp\/v2\/posts\/32448\/revisions"}],"predecessor-version":[{"id":32450,"href":"https:\/\/blogdodanielgalvao.com.br\/site\/wp-json\/wp\/v2\/posts\/32448\/revisions\/32450"}],"wp:featuredmedia":[{"embeddable":true,"href":"https:\/\/blogdodanielgalvao.com.br\/site\/wp-json\/wp\/v2\/media\/32449"}],"wp:attachment":[{"href":"https:\/\/blogdodanielgalvao.com.br\/site\/wp-json\/wp\/v2\/media?parent=32448"}],"wp:term":[{"taxonomy":"category","embeddable":true,"href":"https:\/\/blogdodanielgalvao.com.br\/site\/wp-json\/wp\/v2\/categories?post=32448"},{"taxonomy":"post_tag","embeddable":true,"href":"https:\/\/blogdodanielgalvao.com.br\/site\/wp-json\/wp\/v2\/tags?post=32448"}],"curies":[{"name":"wp","href":"https:\/\/api.w.org\/{rel}","templated":true}]}}