{"id":32441,"date":"2026-04-20T17:07:46","date_gmt":"2026-04-20T20:07:46","guid":{"rendered":"https:\/\/blogdodanielgalvao.com.br\/site\/?p=32441"},"modified":"2026-04-20T17:07:51","modified_gmt":"2026-04-20T20:07:51","slug":"integrante-da-uniao-de-marica-morre-depois-de-2-meses-internado-em-hospital-no-rio","status":"publish","type":"post","link":"https:\/\/blogdodanielgalvao.com.br\/site\/integrante-da-uniao-de-marica-morre-depois-de-2-meses-internado-em-hospital-no-rio\/","title":{"rendered":"Integrante da Uni\u00e3o de Maric\u00e1 morre depois de 2 meses internado em hospital no Rio"},"content":{"rendered":"\n<p>Vencedora da S\u00e9rie Ouro, o antigo Grupo de Acesso do Carnaval do Rio, em 2026, que garantiu a escola na elite em 2027, a Uni\u00e3o de Maric\u00e1 sofreu um baque na \u00faltima semana, com o falecimento de Itamar de Oliveira, de 65 anos, v\u00edtima de um terr\u00edvel acidente durante o desfile da escola na Marqu\u00eas de Sapuca\u00ed, em fevereiro.<\/p>\n\n\n\n<p>Internado h\u00e1 2 meses em decorr\u00eancia do grav\u00edssimo acidente em que sofreu esmagamento e fraturas nas pernas ao ser atropelado por um carro aleg\u00f3rico, Itamar n\u00e3o resistiu, vindo a falecer na \u00faltima sexta-feira, 17.<\/p>\n\n\n\n<p>Socorrido ap\u00f3s o acidente, no \u00faltimo dia 15 de fevereiro, Itamar foi encaminhado ao Hospital Municipal Souza Aguiar, no Rio, onde ficou internado, passando por cirurgias e enfrentando complica\u00e7\u00f5es graves, chegando a ter uma das pernas amputada em raz\u00e3o da gravidade dos ferimentos.<\/p>\n\n\n\n<p>Itamar Oliveira teve a morte confirmada pela Secretaria Municipal de Sa\u00fade do Rio na \u00faltima sexta, ap\u00f3s semanas de tentativa de recupera\u00e7\u00e3o, tendo o corpo encaminhado para o Instituto M\u00e9dico Legal (IML), j\u00e1 que o caso segue sendo tratado como acidente.<\/p>\n\n\n\n<p>Nas redes sociais, a Gr\u00eamio Recreativo Escola de Samba (GRES) Uni\u00e3o de Maric\u00e1, que tem como presidente de honra o prefeito da cidade, Washington Quaqu\u00e1 (PT), se manifestou em uma nota lamentando a perda de Itamar.<\/p>\n\n\n\n<p>\u201cA Uni\u00e3o de Maric\u00e1 lamenta profundamente o falecimento de Itamar de Oliveira, de 65 anos. Neste momento de dor, nos solidarizamos com seus familiares e amigos, desejando for\u00e7a para enfrentar essa perda fortuita. Desde o dia do ocorrido, a Uni\u00e3o de Maric\u00e1 esteve ao lado da fam\u00edlia, oferecendo todo o suporte necess\u00e1rio. Seguimos em contato, prestando toda a assist\u00eancia neste momento de despedida. Que Itamar descanse em paz\u201d, publicou a escola.<\/p>\n\n\n\n<p>O acidente aconteceu no fim do desfile que garantiu o t\u00edtulo e o acesso ao Grupo Especial no Carnaval do Rio do ano que vem, quando Itamar foi atropelado por um carro aleg\u00f3rico quando a escola corria para n\u00e3o ser penalizada por atraso no desfile.<\/p>\n\n\n\n<p>Gerando grande como\u00e7\u00e3o na comunidade do samba fluminense na ocasi\u00e3o, o caso levantou discuss\u00f5es sobre a seguran\u00e7a nos desfiles, especialmente em rela\u00e7\u00e3o \u00e0 movimenta\u00e7\u00e3o das alegorias na Marqu\u00eas de Sapuca\u00ed.<\/p>\n","protected":false},"excerpt":{"rendered":"<p>Vencedora da S\u00e9rie Ouro, o antigo Grupo de Acesso do Carnaval do Rio, em 2026, que garantiu a escola na elite em 2027, a Uni\u00e3o de Maric\u00e1 sofreu um baque na \u00faltima semana, com o falecimento de Itamar de Oliveira, de 65 anos, v\u00edtima de um terr\u00edvel acidente durante o desfile da escola na Marqu\u00eas [&hellip;]<\/p>\n","protected":false},"author":2,"featured_media":32442,"comment_status":"open","ping_status":"open","sticky":false,"template":"","format":"standard","meta":{"footnotes":""},"categories":[2982,299],"tags":[],"class_list":["post-32441","post","type-post","status-publish","format-standard","has-post-thumbnail","hentry","category-destaque-noticia-4","category-marica"],"_links":{"self":[{"href":"https:\/\/blogdodanielgalvao.com.br\/site\/wp-json\/wp\/v2\/posts\/32441","targetHints":{"allow":["GET"]}}],"collection":[{"href":"https:\/\/blogdodanielgalvao.com.br\/site\/wp-json\/wp\/v2\/posts"}],"about":[{"href":"https:\/\/blogdodanielgalvao.com.br\/site\/wp-json\/wp\/v2\/types\/post"}],"author":[{"embeddable":true,"href":"https:\/\/blogdodanielgalvao.com.br\/site\/wp-json\/wp\/v2\/users\/2"}],"replies":[{"embeddable":true,"href":"https:\/\/blogdodanielgalvao.com.br\/site\/wp-json\/wp\/v2\/comments?post=32441"}],"version-history":[{"count":1,"href":"https:\/\/blogdodanielgalvao.com.br\/site\/wp-json\/wp\/v2\/posts\/32441\/revisions"}],"predecessor-version":[{"id":32443,"href":"https:\/\/blogdodanielgalvao.com.br\/site\/wp-json\/wp\/v2\/posts\/32441\/revisions\/32443"}],"wp:featuredmedia":[{"embeddable":true,"href":"https:\/\/blogdodanielgalvao.com.br\/site\/wp-json\/wp\/v2\/media\/32442"}],"wp:attachment":[{"href":"https:\/\/blogdodanielgalvao.com.br\/site\/wp-json\/wp\/v2\/media?parent=32441"}],"wp:term":[{"taxonomy":"category","embeddable":true,"href":"https:\/\/blogdodanielgalvao.com.br\/site\/wp-json\/wp\/v2\/categories?post=32441"},{"taxonomy":"post_tag","embeddable":true,"href":"https:\/\/blogdodanielgalvao.com.br\/site\/wp-json\/wp\/v2\/tags?post=32441"}],"curies":[{"name":"wp","href":"https:\/\/api.w.org\/{rel}","templated":true}]}}