{"id":32429,"date":"2026-04-20T16:11:56","date_gmt":"2026-04-20T19:11:56","guid":{"rendered":"https:\/\/blogdodanielgalvao.com.br\/site\/?p=32429"},"modified":"2026-04-20T16:12:00","modified_gmt":"2026-04-20T19:12:00","slug":"cabo-frio-celebra-sao-jorge-com-festa-tradicional-entre-os-dias-23-e-26-de-abril","status":"publish","type":"post","link":"https:\/\/blogdodanielgalvao.com.br\/site\/cabo-frio-celebra-sao-jorge-com-festa-tradicional-entre-os-dias-23-e-26-de-abril\/","title":{"rendered":"Cabo Frio celebra S\u00e3o Jorge com festa tradicional entre os dias 23 e 26 de abril"},"content":{"rendered":"\n<p>Entre os dias 23 e 26 de abril, Cabo Frio ser\u00e1 palco de mais uma edi\u00e7\u00e3o da tradicional Festa de S\u00e3o Jorge, reunindo manifesta\u00e7\u00f5es religiosas e atividades culturais no Centro da cidade. O evento acontece na rua Francisco Mendes, em frente \u00e0 Igreja de S\u00e3o Jorge, e conta com apoio da Prefeitura, por meio da Secretaria de Cultura.<\/p>\n\n\n\n<p>Para garantir a realiza\u00e7\u00e3o do evento com organiza\u00e7\u00e3o e seguran\u00e7a, o tr\u00e2nsito na regi\u00e3o central sofrer\u00e1 altera\u00e7\u00f5es ao longo dos dias de programa\u00e7\u00e3o, especialmente nas vias pr\u00f3ximas ao local das celebra\u00e7\u00f5es.<\/p>\n\n\n\n<p>Promovida pela Igreja de S\u00e3o Jorge de Cabo Frio, a festa combina elementos de f\u00e9 e cultura popular, com uma agenda diversificada que inclui missas, prociss\u00f5es, apresenta\u00e7\u00f5es musicais, feira, roda de conversa e at\u00e9 uma corrida dedicada ao santo guerreiro.<\/p>\n\n\n\n<p>A abertura acontece na quinta-feira (23), com alvorada festiva e uma sequ\u00eancia de missas ao longo do dia, culminando em prociss\u00e3o no per\u00edodo da noite. Na sexta-feira (24), a programa\u00e7\u00e3o destaca atividades culturais e um debate sobre intoler\u00e2ncia religiosa e viol\u00eancia contra a mulher.<\/p>\n\n\n\n<p>No s\u00e1bado (25), o p\u00fablico poder\u00e1 participar de uma feijoada com apresenta\u00e7\u00e3o musical, al\u00e9m de shows e celebra\u00e7\u00f5es de matriz afro-brasileira. J\u00e1 no domingo (26), o encerramento contar\u00e1 com a Corrida de S\u00e3o Jorge pela manh\u00e3, seguida de almo\u00e7o festivo, apresenta\u00e7\u00f5es musicais e a tradicional ora\u00e7\u00e3o da Ave Maria, marcando o fim das celebra\u00e7\u00f5es.&nbsp;&nbsp;&nbsp;&nbsp;<\/p>\n","protected":false},"excerpt":{"rendered":"<p>Entre os dias 23 e 26 de abril, Cabo Frio ser\u00e1 palco de mais uma edi\u00e7\u00e3o da tradicional Festa de S\u00e3o Jorge, reunindo manifesta\u00e7\u00f5es religiosas e atividades culturais no Centro da cidade. O evento acontece na rua Francisco Mendes, em frente \u00e0 Igreja de S\u00e3o Jorge, e conta com apoio da Prefeitura, por meio da [&hellip;]<\/p>\n","protected":false},"author":2,"featured_media":32430,"comment_status":"open","ping_status":"open","sticky":false,"template":"","format":"standard","meta":{"footnotes":""},"categories":[340,2978],"tags":[],"class_list":["post-32429","post","type-post","status-publish","format-standard","has-post-thumbnail","hentry","category-cabo-frio","category-destaques-topo"],"_links":{"self":[{"href":"https:\/\/blogdodanielgalvao.com.br\/site\/wp-json\/wp\/v2\/posts\/32429","targetHints":{"allow":["GET"]}}],"collection":[{"href":"https:\/\/blogdodanielgalvao.com.br\/site\/wp-json\/wp\/v2\/posts"}],"about":[{"href":"https:\/\/blogdodanielgalvao.com.br\/site\/wp-json\/wp\/v2\/types\/post"}],"author":[{"embeddable":true,"href":"https:\/\/blogdodanielgalvao.com.br\/site\/wp-json\/wp\/v2\/users\/2"}],"replies":[{"embeddable":true,"href":"https:\/\/blogdodanielgalvao.com.br\/site\/wp-json\/wp\/v2\/comments?post=32429"}],"version-history":[{"count":1,"href":"https:\/\/blogdodanielgalvao.com.br\/site\/wp-json\/wp\/v2\/posts\/32429\/revisions"}],"predecessor-version":[{"id":32431,"href":"https:\/\/blogdodanielgalvao.com.br\/site\/wp-json\/wp\/v2\/posts\/32429\/revisions\/32431"}],"wp:featuredmedia":[{"embeddable":true,"href":"https:\/\/blogdodanielgalvao.com.br\/site\/wp-json\/wp\/v2\/media\/32430"}],"wp:attachment":[{"href":"https:\/\/blogdodanielgalvao.com.br\/site\/wp-json\/wp\/v2\/media?parent=32429"}],"wp:term":[{"taxonomy":"category","embeddable":true,"href":"https:\/\/blogdodanielgalvao.com.br\/site\/wp-json\/wp\/v2\/categories?post=32429"},{"taxonomy":"post_tag","embeddable":true,"href":"https:\/\/blogdodanielgalvao.com.br\/site\/wp-json\/wp\/v2\/tags?post=32429"}],"curies":[{"name":"wp","href":"https:\/\/api.w.org\/{rel}","templated":true}]}}