{"id":32426,"date":"2026-04-20T16:09:13","date_gmt":"2026-04-20T19:09:13","guid":{"rendered":"https:\/\/blogdodanielgalvao.com.br\/site\/?p=32426"},"modified":"2026-04-20T16:09:18","modified_gmt":"2026-04-20T19:09:18","slug":"procon-cabo-frio-reage-a-nota-de-repudio-da-rede-sol-e-gas-sobre-combustiveis","status":"publish","type":"post","link":"https:\/\/blogdodanielgalvao.com.br\/site\/procon-cabo-frio-reage-a-nota-de-repudio-da-rede-sol-e-gas-sobre-combustiveis\/","title":{"rendered":"Procon Cabo Frio reage \u00e0 nota de rep\u00fadio da rede Sol e G\u00e1s sobre combust\u00edveis"},"content":{"rendered":"\n<p>Em meio \u00e0 repercuss\u00e3o envolvendo o aumento dos pre\u00e7os dos combust\u00edveis, a diretora do Procon Cabo Frio, M\u00f4nica Bonioli, veio a p\u00fablico esclarecer a atua\u00e7\u00e3o do \u00f3rg\u00e3o e responder \u00e0 nota de rep\u00fadio divulgada recentemente.<\/p>\n\n\n\n<p>Segundo a diretora, todas as a\u00e7\u00f5es conduzidas pelo Procon s\u00e3o fundamentadas em crit\u00e9rios t\u00e9cnicos, responsabilidade institucional e documenta\u00e7\u00e3o comprobat\u00f3ria. Ela refor\u00e7ou que n\u00e3o h\u00e1 espa\u00e7o para den\u00fancias sem embasamento, destacando que cada medida adotada segue rigorosamente os par\u00e2metros legais.<\/p>\n\n\n\n<p>M\u00f4nica tamb\u00e9m enfatizou que o foco central da atua\u00e7\u00e3o \u00e9 a prote\u00e7\u00e3o da popula\u00e7\u00e3o, ressaltando que o respeito ao consumidor de Cabo Frio \u00e9 um princ\u00edpio inegoci\u00e1vel dentro da pol\u00edtica do \u00f3rg\u00e3o. Monica ressaltou \u201cComigo n\u00e3o tem \u2018jeitinho\u2019, comigo n\u00e3o tem acordo, comigo tem trabalho s\u00e9rio (\u2026)\u201d, alfineta em seu discurso e ainda relembra que \u201cna ocasi\u00e3o os fiscais multaram todos os postos que aumentaram o pre\u00e7o sem justa causa\u201d e n\u00e3o ser normal de um dia para outro a maioria realizar a valoriza\u00e7\u00e3o dos pre\u00e7os, dando a entender que seria um acordo entre eles.<\/p>\n\n\n\n<p>O Procon, de acordo com a dire\u00e7\u00e3o, continuar\u00e1 exercendo seu papel de forma ativa, com fiscaliza\u00e7\u00e3o constante, exig\u00eancia de transpar\u00eancia e medidas voltadas a evitar preju\u00edzos aos consumidores.<\/p>\n\n\n\n<p>A nota de rep\u00fadio mencionada foi divulgada pela rede Sol e G\u00e1s, ap\u00f3s as fiscaliza\u00e7\u00f5es realizadas nos postos de combust\u00edveis do munic\u00edpio. At\u00e9 o momento, n\u00e3o h\u00e1 confirma\u00e7\u00e3o de ades\u00e3o de outras empresas ao mesmo posicionamento.&nbsp;&nbsp;&nbsp;&nbsp;&nbsp;<\/p>\n","protected":false},"excerpt":{"rendered":"<p>Em meio \u00e0 repercuss\u00e3o envolvendo o aumento dos pre\u00e7os dos combust\u00edveis, a diretora do Procon Cabo Frio, M\u00f4nica Bonioli, veio a p\u00fablico esclarecer a atua\u00e7\u00e3o do \u00f3rg\u00e3o e responder \u00e0 nota de rep\u00fadio divulgada recentemente. Segundo a diretora, todas as a\u00e7\u00f5es conduzidas pelo Procon s\u00e3o fundamentadas em crit\u00e9rios t\u00e9cnicos, responsabilidade institucional e documenta\u00e7\u00e3o comprobat\u00f3ria. Ela [&hellip;]<\/p>\n","protected":false},"author":2,"featured_media":32427,"comment_status":"open","ping_status":"open","sticky":false,"template":"","format":"standard","meta":{"footnotes":""},"categories":[340,2983],"tags":[],"class_list":["post-32426","post","type-post","status-publish","format-standard","has-post-thumbnail","hentry","category-cabo-frio","category-destaque-noticia-5"],"_links":{"self":[{"href":"https:\/\/blogdodanielgalvao.com.br\/site\/wp-json\/wp\/v2\/posts\/32426","targetHints":{"allow":["GET"]}}],"collection":[{"href":"https:\/\/blogdodanielgalvao.com.br\/site\/wp-json\/wp\/v2\/posts"}],"about":[{"href":"https:\/\/blogdodanielgalvao.com.br\/site\/wp-json\/wp\/v2\/types\/post"}],"author":[{"embeddable":true,"href":"https:\/\/blogdodanielgalvao.com.br\/site\/wp-json\/wp\/v2\/users\/2"}],"replies":[{"embeddable":true,"href":"https:\/\/blogdodanielgalvao.com.br\/site\/wp-json\/wp\/v2\/comments?post=32426"}],"version-history":[{"count":1,"href":"https:\/\/blogdodanielgalvao.com.br\/site\/wp-json\/wp\/v2\/posts\/32426\/revisions"}],"predecessor-version":[{"id":32428,"href":"https:\/\/blogdodanielgalvao.com.br\/site\/wp-json\/wp\/v2\/posts\/32426\/revisions\/32428"}],"wp:featuredmedia":[{"embeddable":true,"href":"https:\/\/blogdodanielgalvao.com.br\/site\/wp-json\/wp\/v2\/media\/32427"}],"wp:attachment":[{"href":"https:\/\/blogdodanielgalvao.com.br\/site\/wp-json\/wp\/v2\/media?parent=32426"}],"wp:term":[{"taxonomy":"category","embeddable":true,"href":"https:\/\/blogdodanielgalvao.com.br\/site\/wp-json\/wp\/v2\/categories?post=32426"},{"taxonomy":"post_tag","embeddable":true,"href":"https:\/\/blogdodanielgalvao.com.br\/site\/wp-json\/wp\/v2\/tags?post=32426"}],"curies":[{"name":"wp","href":"https:\/\/api.w.org\/{rel}","templated":true}]}}