{"id":32423,"date":"2026-04-20T16:06:26","date_gmt":"2026-04-20T19:06:26","guid":{"rendered":"https:\/\/blogdodanielgalvao.com.br\/site\/?p=32423"},"modified":"2026-04-20T16:06:32","modified_gmt":"2026-04-20T19:06:32","slug":"cabo-frio-registra-desaparecimento-de-jovem-mineiro-no-mar-da-praia-do-forte","status":"publish","type":"post","link":"https:\/\/blogdodanielgalvao.com.br\/site\/cabo-frio-registra-desaparecimento-de-jovem-mineiro-no-mar-da-praia-do-forte\/","title":{"rendered":"Cabo Frio registra desaparecimento de jovem mineiro no mar da Praia do Forte"},"content":{"rendered":"\n<p>Um jovem de 26 anos segue desaparecido ap\u00f3s entrar no mar na Praia do Forte, em Cabo Frio, na Regi\u00e3o dos Lagos do Rio de Janeiro. O caso aconteceu no domingo (19) e mobiliza equipes de resgate desde ent\u00e3o.<\/p>\n\n\n\n<p>Leonardo Serafim, natural de Belo Horizonte, estava na cidade a passeio com familiares quando decidiu entrar na \u00e1gua acompanhado do irm\u00e3o. Pouco tempo depois, o familiar conseguiu retornar \u00e0 faixa de areia, mas percebeu que o jovem n\u00e3o havia sa\u00eddo do mar, o que deu in\u00edcio ao alerta.<\/p>\n\n\n\n<p>O Corpo de Bombeiros foi acionado ainda no fim da manh\u00e3 e iniciou imediatamente as buscas na regi\u00e3o. As opera\u00e7\u00f5es foram retomadas nas primeiras horas do dia seguinte, mas at\u00e9 o momento o rapaz n\u00e3o foi localizado.<\/p>\n\n\n\n<p>Informa\u00e7\u00f5es repassadas por familiares indicam que Leonardo possu\u00eda limita\u00e7\u00f5es de mobilidade e baixa vis\u00e3o, o que aumenta a apreens\u00e3o em torno do caso. O jovem estava em viagem com a fam\u00edlia no litoral fluminense quando ocorreu o desaparecimento.<\/p>\n\n\n\n<p>&nbsp;A fam\u00edlia acompanha as buscas com ang\u00fastia, enquanto equipes seguem mobilizadas na tentativa de localizar o jovem. At\u00e9 agora, a principal hip\u00f3tese considerada \u00e9 de afogamento, embora o caso ainda esteja em apura\u00e7\u00e3o.&nbsp;&nbsp;&nbsp;&nbsp;&nbsp;<\/p>\n","protected":false},"excerpt":{"rendered":"<p>Um jovem de 26 anos segue desaparecido ap\u00f3s entrar no mar na Praia do Forte, em Cabo Frio, na Regi\u00e3o dos Lagos do Rio de Janeiro. O caso aconteceu no domingo (19) e mobiliza equipes de resgate desde ent\u00e3o. Leonardo Serafim, natural de Belo Horizonte, estava na cidade a passeio com familiares quando decidiu entrar [&hellip;]<\/p>\n","protected":false},"author":2,"featured_media":32424,"comment_status":"open","ping_status":"open","sticky":false,"template":"","format":"standard","meta":{"footnotes":""},"categories":[340,2981],"tags":[],"class_list":["post-32423","post","type-post","status-publish","format-standard","has-post-thumbnail","hentry","category-cabo-frio","category-destaque-noticia-3"],"_links":{"self":[{"href":"https:\/\/blogdodanielgalvao.com.br\/site\/wp-json\/wp\/v2\/posts\/32423","targetHints":{"allow":["GET"]}}],"collection":[{"href":"https:\/\/blogdodanielgalvao.com.br\/site\/wp-json\/wp\/v2\/posts"}],"about":[{"href":"https:\/\/blogdodanielgalvao.com.br\/site\/wp-json\/wp\/v2\/types\/post"}],"author":[{"embeddable":true,"href":"https:\/\/blogdodanielgalvao.com.br\/site\/wp-json\/wp\/v2\/users\/2"}],"replies":[{"embeddable":true,"href":"https:\/\/blogdodanielgalvao.com.br\/site\/wp-json\/wp\/v2\/comments?post=32423"}],"version-history":[{"count":1,"href":"https:\/\/blogdodanielgalvao.com.br\/site\/wp-json\/wp\/v2\/posts\/32423\/revisions"}],"predecessor-version":[{"id":32425,"href":"https:\/\/blogdodanielgalvao.com.br\/site\/wp-json\/wp\/v2\/posts\/32423\/revisions\/32425"}],"wp:featuredmedia":[{"embeddable":true,"href":"https:\/\/blogdodanielgalvao.com.br\/site\/wp-json\/wp\/v2\/media\/32424"}],"wp:attachment":[{"href":"https:\/\/blogdodanielgalvao.com.br\/site\/wp-json\/wp\/v2\/media?parent=32423"}],"wp:term":[{"taxonomy":"category","embeddable":true,"href":"https:\/\/blogdodanielgalvao.com.br\/site\/wp-json\/wp\/v2\/categories?post=32423"},{"taxonomy":"post_tag","embeddable":true,"href":"https:\/\/blogdodanielgalvao.com.br\/site\/wp-json\/wp\/v2\/tags?post=32423"}],"curies":[{"name":"wp","href":"https:\/\/api.w.org\/{rel}","templated":true}]}}