{"id":32403,"date":"2026-04-17T18:16:23","date_gmt":"2026-04-17T21:16:23","guid":{"rendered":"https:\/\/blogdodanielgalvao.com.br\/site\/?p=32403"},"modified":"2026-04-17T18:16:30","modified_gmt":"2026-04-17T21:16:30","slug":"atividades-interativas-incentivam-socializacao-e-comunicacao-espontanea-entre-criancas","status":"publish","type":"post","link":"https:\/\/blogdodanielgalvao.com.br\/site\/atividades-interativas-incentivam-socializacao-e-comunicacao-espontanea-entre-criancas\/","title":{"rendered":"Atividades interativas incentivam socializa\u00e7\u00e3o e comunica\u00e7\u00e3o espont\u00e2nea entre crian\u00e7as"},"content":{"rendered":"\n<p>Profissionais de diversas \u00e1reas se reuniram nesta semana em Carapebus no Centro Especial de Sa\u00fade para promover um evento voltado ao desenvolvimento infantil. Foram ao todo dois dias onde a equipe buscou proporcionar aos participantes um ambiente seguro, acolhedor e estimulante.<\/p>\n\n\n\n<p>A programa\u00e7\u00e3o contou com diversas atividades como pintura livre com tintas at\u00f3xicas, esta\u00e7\u00f5es de texturas com materiais como arroz colorido, gelatina, areia e algod\u00e3o. A mistura de cores e din\u00e2micas interativas contribu\u00edram para ampliar a criatividade e tamb\u00e9m estimular a comunica\u00e7\u00e3o de uma forma mais espont\u00e2nea.<\/p>\n\n\n\n<p>Tamb\u00e9m foram realizados pequenos trabalhos em grupos, que favoreceram a socializa\u00e7\u00e3o e o fortalecimento de v\u00ednculos, criando um ambiente de confian\u00e7a entre crian\u00e7as, profissionais e respons\u00e1veis.<\/p>\n\n\n\n<p>\u201cForam dois dias marcantes, de muita troca, aprendizado e acolhimento. Quero agradecer a todos os profissionais pelo empenho e dedica\u00e7\u00e3o, al\u00e9m dos pais que confiaram e participaram ativamente. Esse envolvimento faz toda a diferen\u00e7a no desenvolvimento das crian\u00e7as\u201d, destacou a coordenadora do Centro, Luciene Vieira.<\/p>\n\n\n\n<p>O encerramento aconteceu com uma roda de conversa, momento em que experi\u00eancias foram compartilhadas e cada conquista valorizada. O espa\u00e7o tamb\u00e9m permitiu que respons\u00e1veis tirassem d\u00favidas e se sentissem parte ativa do processo de cuidado.<\/p>\n","protected":false},"excerpt":{"rendered":"<p>Profissionais de diversas \u00e1reas se reuniram nesta semana em Carapebus no Centro Especial de Sa\u00fade para promover um evento voltado ao desenvolvimento infantil. Foram ao todo dois dias onde a equipe buscou proporcionar aos participantes um ambiente seguro, acolhedor e estimulante. A programa\u00e7\u00e3o contou com diversas atividades como pintura livre com tintas at\u00f3xicas, esta\u00e7\u00f5es de [&hellip;]<\/p>\n","protected":false},"author":2,"featured_media":32404,"comment_status":"open","ping_status":"open","sticky":false,"template":"","format":"standard","meta":{"footnotes":""},"categories":[7],"tags":[3415],"class_list":["post-32403","post","type-post","status-publish","format-standard","has-post-thumbnail","hentry","category-carapebus","tag-evento-no-centro-especial-de-saude-em-carapebus"],"_links":{"self":[{"href":"https:\/\/blogdodanielgalvao.com.br\/site\/wp-json\/wp\/v2\/posts\/32403","targetHints":{"allow":["GET"]}}],"collection":[{"href":"https:\/\/blogdodanielgalvao.com.br\/site\/wp-json\/wp\/v2\/posts"}],"about":[{"href":"https:\/\/blogdodanielgalvao.com.br\/site\/wp-json\/wp\/v2\/types\/post"}],"author":[{"embeddable":true,"href":"https:\/\/blogdodanielgalvao.com.br\/site\/wp-json\/wp\/v2\/users\/2"}],"replies":[{"embeddable":true,"href":"https:\/\/blogdodanielgalvao.com.br\/site\/wp-json\/wp\/v2\/comments?post=32403"}],"version-history":[{"count":1,"href":"https:\/\/blogdodanielgalvao.com.br\/site\/wp-json\/wp\/v2\/posts\/32403\/revisions"}],"predecessor-version":[{"id":32405,"href":"https:\/\/blogdodanielgalvao.com.br\/site\/wp-json\/wp\/v2\/posts\/32403\/revisions\/32405"}],"wp:featuredmedia":[{"embeddable":true,"href":"https:\/\/blogdodanielgalvao.com.br\/site\/wp-json\/wp\/v2\/media\/32404"}],"wp:attachment":[{"href":"https:\/\/blogdodanielgalvao.com.br\/site\/wp-json\/wp\/v2\/media?parent=32403"}],"wp:term":[{"taxonomy":"category","embeddable":true,"href":"https:\/\/blogdodanielgalvao.com.br\/site\/wp-json\/wp\/v2\/categories?post=32403"},{"taxonomy":"post_tag","embeddable":true,"href":"https:\/\/blogdodanielgalvao.com.br\/site\/wp-json\/wp\/v2\/tags?post=32403"}],"curies":[{"name":"wp","href":"https:\/\/api.w.org\/{rel}","templated":true}]}}