{"id":32400,"date":"2026-04-18T17:41:14","date_gmt":"2026-04-18T20:41:14","guid":{"rendered":"https:\/\/blogdodanielgalvao.com.br\/site\/?p=32400"},"modified":"2026-04-17T17:49:52","modified_gmt":"2026-04-17T20:49:52","slug":"evento-nesse-sabado-18-em-rio-das-ostras-reune-cultura-sustentabilidade-e-gastronomia","status":"publish","type":"post","link":"https:\/\/blogdodanielgalvao.com.br\/site\/evento-nesse-sabado-18-em-rio-das-ostras-reune-cultura-sustentabilidade-e-gastronomia\/","title":{"rendered":"Evento nesse s\u00e1bado, 18, em Rio das Ostras, re\u00fane cultura, sustentabilidade e gastronomia"},"content":{"rendered":"\n<p>O Parque dos P\u00e1ssaros, localizado no bairro Jardim Maril\u00e9a, em Rio das Ostras, recebe, nesse s\u00e1bado, a partir das 9h, mais uma edi\u00e7\u00e3o do projeto Caf\u00e9 no Parque, que tem a proposta de reunir cultura, educa\u00e7\u00e3o e gastronomia.<\/p>\n\n\n\n<p>Com entrada gratuita, a programa\u00e7\u00e3o inclui degusta\u00e7\u00e3o de caf\u00e9s especiais, alimenta\u00e7\u00e3o inclusiva e vegana, feira de artesanato, conta\u00e7\u00e3o de hist\u00f3rias para as crian\u00e7as e roda de conversa com dicas ligadas ao meio ambiente.<\/p>\n\n\n\n<p>Entre os temas de debates dessa 2\u00aa edi\u00e7\u00e3o do evento, estar\u00e3o o descarte e o reuso consciente da borra de caf\u00e9, que, pode, entre outras coisas, virar adubo, por ser rico nutrientes importantes para as plantas, como carbono, nitrog\u00eanio e mat\u00e9ria org\u00e2nica.<\/p>\n\n\n\n<p>\u201cA ideia \u00e9 proporcionar uma experi\u00eancia completa com o caf\u00e9, n\u00e3o s\u00f3 na degusta\u00e7\u00e3o, mas tamb\u00e9m trazendo informa\u00e7\u00e3o e conex\u00e3o com o ambiente e com as pessoas. \u00c9 importante informar que a degusta\u00e7\u00e3o de caf\u00e9s especiais ser\u00e1 oferecida gratuitamente \u00e0s 10 primeiras pessoas que se inscreverem no local\u201d, avisa a prefeitura.<\/p>\n\n\n\n<p>Localizado na Rua Petr\u00f3polis, s\/n, no bairro Jardim Maril\u00e9ia, o Parque dos P\u00e1ssaros recebe a 2\u00aa edi\u00e7\u00e3o do projeto Caf\u00e9 no Parque com programa\u00e7\u00e3o das 9h \u00e0s 14h, com apoio institucional da Funda\u00e7\u00e3o Rio das Ostras de Cultura (Froc).<\/p>\n\n\n\n<p>De acordo com o munic\u00edpio, o evento tamb\u00e9m ajuda na valoriza\u00e7\u00e3o da produ\u00e7\u00e3o agr\u00edcola local, incentivando pr\u00e1ticas mais sustent\u00e1veis no dia a dia, al\u00e9m de contar com uma variedade de produtos locais e artesanais.<\/p>\n","protected":false},"excerpt":{"rendered":"<p>O Parque dos P\u00e1ssaros, localizado no bairro Jardim Maril\u00e9a, em Rio das Ostras, recebe, nesse s\u00e1bado, a partir das 9h, mais uma edi\u00e7\u00e3o do projeto Caf\u00e9 no Parque, que tem a proposta de reunir cultura, educa\u00e7\u00e3o e gastronomia. Com entrada gratuita, a programa\u00e7\u00e3o inclui degusta\u00e7\u00e3o de caf\u00e9s especiais, alimenta\u00e7\u00e3o inclusiva e vegana, feira de artesanato, [&hellip;]<\/p>\n","protected":false},"author":2,"featured_media":32401,"comment_status":"open","ping_status":"open","sticky":false,"template":"","format":"standard","meta":{"footnotes":""},"categories":[2978,1920],"tags":[3414,2684],"class_list":["post-32400","post","type-post","status-publish","format-standard","has-post-thumbnail","hentry","category-destaques-topo","category-turismo","tag-edicao-do-projeto-cafe-no-parque","tag-parque-dos-passaros"],"_links":{"self":[{"href":"https:\/\/blogdodanielgalvao.com.br\/site\/wp-json\/wp\/v2\/posts\/32400","targetHints":{"allow":["GET"]}}],"collection":[{"href":"https:\/\/blogdodanielgalvao.com.br\/site\/wp-json\/wp\/v2\/posts"}],"about":[{"href":"https:\/\/blogdodanielgalvao.com.br\/site\/wp-json\/wp\/v2\/types\/post"}],"author":[{"embeddable":true,"href":"https:\/\/blogdodanielgalvao.com.br\/site\/wp-json\/wp\/v2\/users\/2"}],"replies":[{"embeddable":true,"href":"https:\/\/blogdodanielgalvao.com.br\/site\/wp-json\/wp\/v2\/comments?post=32400"}],"version-history":[{"count":1,"href":"https:\/\/blogdodanielgalvao.com.br\/site\/wp-json\/wp\/v2\/posts\/32400\/revisions"}],"predecessor-version":[{"id":32402,"href":"https:\/\/blogdodanielgalvao.com.br\/site\/wp-json\/wp\/v2\/posts\/32400\/revisions\/32402"}],"wp:featuredmedia":[{"embeddable":true,"href":"https:\/\/blogdodanielgalvao.com.br\/site\/wp-json\/wp\/v2\/media\/32401"}],"wp:attachment":[{"href":"https:\/\/blogdodanielgalvao.com.br\/site\/wp-json\/wp\/v2\/media?parent=32400"}],"wp:term":[{"taxonomy":"category","embeddable":true,"href":"https:\/\/blogdodanielgalvao.com.br\/site\/wp-json\/wp\/v2\/categories?post=32400"},{"taxonomy":"post_tag","embeddable":true,"href":"https:\/\/blogdodanielgalvao.com.br\/site\/wp-json\/wp\/v2\/tags?post=32400"}],"curies":[{"name":"wp","href":"https:\/\/api.w.org\/{rel}","templated":true}]}}