{"id":32397,"date":"2026-04-17T17:38:52","date_gmt":"2026-04-17T20:38:52","guid":{"rendered":"https:\/\/blogdodanielgalvao.com.br\/site\/?p=32397"},"modified":"2026-04-17T17:38:59","modified_gmt":"2026-04-17T20:38:59","slug":"br-101-tera-reforco-operacional-e-monitoramento-24h-durante-periodo-de-recesso","status":"publish","type":"post","link":"https:\/\/blogdodanielgalvao.com.br\/site\/br-101-tera-reforco-operacional-e-monitoramento-24h-durante-periodo-de-recesso\/","title":{"rendered":"BR-101 ter\u00e1 refor\u00e7o operacional e monitoramento 24h durante per\u00edodo de recesso"},"content":{"rendered":"\n<p>Com a proximidade dos feriados de Tiradentes (21\/04) e S\u00e3o Jorge (23\/04) e os pontos facultativos muitas pessoas devem aproveitar o recesso para viajar. Exatamente por isso, a Arteris Fluminense est\u00e1 preparando uma opera\u00e7\u00e3o especial para a pr\u00f3xima semana. A expectativa da concession\u00e1ria \u00e9 que aproximadamente 952,8 mil ve\u00edculos circulem pela BR-101 entre os dias 17 e 27 de abril.<\/p>\n\n\n\n<p>De acordo com a proje\u00e7\u00e3o da concession\u00e1ria, os dias com os maiores picos de tr\u00e1fego devem ser nos dois pr\u00f3ximos domingos, 19 e 26, quando a estimativa de tr\u00e1fego \u00e9 de 107.097 ve\u00edculos e 109.370 ve\u00edculos, respectivamente. Nos demais dias, a proje\u00e7\u00e3o \u00e9 que se mantenha a constante de 70 a 90 mil ve\u00edculos em circula\u00e7\u00e3o pela BR-101.<\/p>\n\n\n\n<p>Sobre os hor\u00e1rios de maior movimento existe uma varia\u00e7\u00e3o de acordo com a proje\u00e7\u00e3o da Arteris Fluminense, de 5h \u00e0s 19h.<\/p>\n\n\n\n<p>Durante esse per\u00edodo, a concession\u00e1ria estar\u00e1 operando com equipes estrategicamente posicionadas ao longo da rodovia. Tamb\u00e9m ser\u00e1 realizado o monitoramento cont\u00ednuo do tr\u00e1fego e a realiza\u00e7\u00e3o de atendimentos aos usu\u00e1rios.<\/p>\n\n\n\n<p>Os motoristas tamb\u00e9m podem acompanhar as condi\u00e7\u00f5es das vias em tempo real atrav\u00e9s do site da Arteris, na aba \u201cNossas Rodovias\u201d. Para isso, basta selecionar Arteris Fluminense e clicar em \u201ctempo real\u201d, informando os locais de origem e destino.<\/p>\n\n\n\n<p>Em situa\u00e7\u00f5es de emerg\u00eancia ou necessidade de atendimento, os usu\u00e1rios podem entrar em contato com a concession\u00e1ria pelo telefone 0800 282 0101, dispon\u00edvel 24 horas por dia.<\/p>\n\n\n\n<p>O atendimento tamb\u00e9m est\u00e1 dispon\u00edvel pelo chatbot Arteris, via WhatsApp (16) 3969\u20118491, al\u00e9m do acompanhamento das condi\u00e7\u00f5es de tr\u00e1fego pelo perfil oficial da concession\u00e1ria no X (antigo Twitter): @Arteris_AFL.<\/p>\n","protected":false},"excerpt":{"rendered":"<p>Com a proximidade dos feriados de Tiradentes (21\/04) e S\u00e3o Jorge (23\/04) e os pontos facultativos muitas pessoas devem aproveitar o recesso para viajar. Exatamente por isso, a Arteris Fluminense est\u00e1 preparando uma opera\u00e7\u00e3o especial para a pr\u00f3xima semana. A expectativa da concession\u00e1ria \u00e9 que aproximadamente 952,8 mil ve\u00edculos circulem pela BR-101 entre os dias [&hellip;]<\/p>\n","protected":false},"author":2,"featured_media":32398,"comment_status":"open","ping_status":"open","sticky":false,"template":"","format":"standard","meta":{"footnotes":""},"categories":[2646,2978,14],"tags":[3413],"class_list":["post-32397","post","type-post","status-publish","format-standard","has-post-thumbnail","hentry","category-costa-do-sol","category-destaques-topo","category-geral","tag-operacao-especial-da-arteris-fluminense"],"_links":{"self":[{"href":"https:\/\/blogdodanielgalvao.com.br\/site\/wp-json\/wp\/v2\/posts\/32397","targetHints":{"allow":["GET"]}}],"collection":[{"href":"https:\/\/blogdodanielgalvao.com.br\/site\/wp-json\/wp\/v2\/posts"}],"about":[{"href":"https:\/\/blogdodanielgalvao.com.br\/site\/wp-json\/wp\/v2\/types\/post"}],"author":[{"embeddable":true,"href":"https:\/\/blogdodanielgalvao.com.br\/site\/wp-json\/wp\/v2\/users\/2"}],"replies":[{"embeddable":true,"href":"https:\/\/blogdodanielgalvao.com.br\/site\/wp-json\/wp\/v2\/comments?post=32397"}],"version-history":[{"count":1,"href":"https:\/\/blogdodanielgalvao.com.br\/site\/wp-json\/wp\/v2\/posts\/32397\/revisions"}],"predecessor-version":[{"id":32399,"href":"https:\/\/blogdodanielgalvao.com.br\/site\/wp-json\/wp\/v2\/posts\/32397\/revisions\/32399"}],"wp:featuredmedia":[{"embeddable":true,"href":"https:\/\/blogdodanielgalvao.com.br\/site\/wp-json\/wp\/v2\/media\/32398"}],"wp:attachment":[{"href":"https:\/\/blogdodanielgalvao.com.br\/site\/wp-json\/wp\/v2\/media?parent=32397"}],"wp:term":[{"taxonomy":"category","embeddable":true,"href":"https:\/\/blogdodanielgalvao.com.br\/site\/wp-json\/wp\/v2\/categories?post=32397"},{"taxonomy":"post_tag","embeddable":true,"href":"https:\/\/blogdodanielgalvao.com.br\/site\/wp-json\/wp\/v2\/tags?post=32397"}],"curies":[{"name":"wp","href":"https:\/\/api.w.org\/{rel}","templated":true}]}}