{"id":32385,"date":"2026-04-18T08:05:00","date_gmt":"2026-04-18T11:05:00","guid":{"rendered":"https:\/\/blogdodanielgalvao.com.br\/site\/?p=32385"},"modified":"2026-04-17T16:42:18","modified_gmt":"2026-04-17T19:42:18","slug":"premio-proverbo-abre-inscricoes-e-busca-novos-talentos-da-literatura-brasileira","status":"publish","type":"post","link":"https:\/\/blogdodanielgalvao.com.br\/site\/premio-proverbo-abre-inscricoes-e-busca-novos-talentos-da-literatura-brasileira\/","title":{"rendered":"Pr\u00eamio Proverbo abre inscri\u00e7\u00f5es e busca novos talentos da literatura brasileira"},"content":{"rendered":"\n<p>Est\u00e3o abertas as inscri\u00e7\u00f5es para a segunda edi\u00e7\u00e3o do Pr\u00eamio Proverbo, voltado \u00e0 valoriza\u00e7\u00e3o da escrita em l\u00edngua portuguesa e \u00e0 revela\u00e7\u00e3o de novos autores no cen\u00e1rio nacional. O prazo para envio dos trabalhos segue at\u00e9 15 de junho, com as inscri\u00e7\u00f5es feitas exclusivamente pela internet.<\/p>\n\n\n\n<p>O edital determina que apenas textos in\u00e9ditos ser\u00e3o aceitos, dentro das categorias conto, poesia e literatura infantil, todas com tema livre. Podem se inscrever escritores maiores de 18 anos residentes no Brasil, sendo obrigat\u00f3rio o uso de pseud\u00f4nimo durante o processo seletivo.<\/p>\n\n\n\n<p>A avalia\u00e7\u00e3o ficar\u00e1 a cargo de uma comiss\u00e3o composta por especialistas da \u00e1rea liter\u00e1ria, que ir\u00e3o considerar crit\u00e9rios como originalidade, qualidade est\u00e9tica e produ\u00e7\u00e3o textual. O regulamento tamb\u00e9m pro\u00edbe o uso de intelig\u00eancia artificial na elabora\u00e7\u00e3o das obras, refor\u00e7ando o car\u00e1ter autoral da premia\u00e7\u00e3o.<\/p>\n\n\n\n<p>Os vencedores ser\u00e3o anunciados ainda em julho, ap\u00f3s a divulga\u00e7\u00e3o dos finalistas no mesmo m\u00eas. Al\u00e9m de receberem pr\u00eamios em dinheiro, que podem chegar a R$ 3 mil para os primeiros colocados, os autores ter\u00e3o seus trabalhos publicados e distribu\u00eddos no mercado editorial.<\/p>\n\n\n\n<p>Como parte da programa\u00e7\u00e3o, os premiados participar\u00e3o da Festa Liter\u00e1ria Internacional de Maric\u00e1, onde ocorrer\u00e1 o lan\u00e7amento oficial das obras entre os meses de agosto e setembro, ampliando a visibilidade dos escritores selecionados.&nbsp;&nbsp;&nbsp;&nbsp;<\/p>\n","protected":false},"excerpt":{"rendered":"<p>Est\u00e3o abertas as inscri\u00e7\u00f5es para a segunda edi\u00e7\u00e3o do Pr\u00eamio Proverbo, voltado \u00e0 valoriza\u00e7\u00e3o da escrita em l\u00edngua portuguesa e \u00e0 revela\u00e7\u00e3o de novos autores no cen\u00e1rio nacional. O prazo para envio dos trabalhos segue at\u00e9 15 de junho, com as inscri\u00e7\u00f5es feitas exclusivamente pela internet. O edital determina que apenas textos in\u00e9ditos ser\u00e3o aceitos, [&hellip;]<\/p>\n","protected":false},"author":2,"featured_media":32386,"comment_status":"open","ping_status":"open","sticky":false,"template":"","format":"standard","meta":{"footnotes":""},"categories":[824,2982],"tags":[],"class_list":["post-32385","post","type-post","status-publish","format-standard","has-post-thumbnail","hentry","category-buzios","category-destaque-noticia-4"],"_links":{"self":[{"href":"https:\/\/blogdodanielgalvao.com.br\/site\/wp-json\/wp\/v2\/posts\/32385","targetHints":{"allow":["GET"]}}],"collection":[{"href":"https:\/\/blogdodanielgalvao.com.br\/site\/wp-json\/wp\/v2\/posts"}],"about":[{"href":"https:\/\/blogdodanielgalvao.com.br\/site\/wp-json\/wp\/v2\/types\/post"}],"author":[{"embeddable":true,"href":"https:\/\/blogdodanielgalvao.com.br\/site\/wp-json\/wp\/v2\/users\/2"}],"replies":[{"embeddable":true,"href":"https:\/\/blogdodanielgalvao.com.br\/site\/wp-json\/wp\/v2\/comments?post=32385"}],"version-history":[{"count":1,"href":"https:\/\/blogdodanielgalvao.com.br\/site\/wp-json\/wp\/v2\/posts\/32385\/revisions"}],"predecessor-version":[{"id":32387,"href":"https:\/\/blogdodanielgalvao.com.br\/site\/wp-json\/wp\/v2\/posts\/32385\/revisions\/32387"}],"wp:featuredmedia":[{"embeddable":true,"href":"https:\/\/blogdodanielgalvao.com.br\/site\/wp-json\/wp\/v2\/media\/32386"}],"wp:attachment":[{"href":"https:\/\/blogdodanielgalvao.com.br\/site\/wp-json\/wp\/v2\/media?parent=32385"}],"wp:term":[{"taxonomy":"category","embeddable":true,"href":"https:\/\/blogdodanielgalvao.com.br\/site\/wp-json\/wp\/v2\/categories?post=32385"},{"taxonomy":"post_tag","embeddable":true,"href":"https:\/\/blogdodanielgalvao.com.br\/site\/wp-json\/wp\/v2\/tags?post=32385"}],"curies":[{"name":"wp","href":"https:\/\/api.w.org\/{rel}","templated":true}]}}