{"id":32382,"date":"2026-04-18T08:00:00","date_gmt":"2026-04-18T11:00:00","guid":{"rendered":"https:\/\/blogdodanielgalvao.com.br\/site\/?p=32382"},"modified":"2026-04-17T16:33:57","modified_gmt":"2026-04-17T19:33:57","slug":"jacare-e-capturado-em-tamoios-e-devolvido-a-natureza-em-cabo-frio","status":"publish","type":"post","link":"https:\/\/blogdodanielgalvao.com.br\/site\/jacare-e-capturado-em-tamoios-e-devolvido-a-natureza-em-cabo-frio\/","title":{"rendered":"Jacar\u00e9 \u00e9 capturado em Tamoios e devolvido \u00e0 natureza em Cabo Frio"},"content":{"rendered":"\n<p>A circula\u00e7\u00e3o de animais silvestres em \u00e1reas urbanizadas n\u00e3o \u00e9 incomum, especialmente em regi\u00f5es pr\u00f3ximas a lagoas, canais e \u00e1reas alagadas, ambientes naturais que favorecem a presen\u00e7a desses r\u00e9pteis. Diante desse cen\u00e1rio, autoridades refor\u00e7am a import\u00e2ncia de manter dist\u00e2ncia e evitar qualquer tipo de intera\u00e7\u00e3o.<\/p>\n\n\n\n<p>Apesar de n\u00e3o apresentar comportamento agressivo de forma espont\u00e2nea, o jacar\u00e9-do-papo-amarelo pode reagir caso se sinta amea\u00e7ado. A orienta\u00e7\u00e3o \u00e9 clara: n\u00e3o tocar, n\u00e3o alimentar e n\u00e3o tentar capturar o animal. Em situa\u00e7\u00f5es de avistamento, o correto \u00e9 acionar a Guarda Civil Municipal pelo telefone 153, permitindo que equipes especializadas fa\u00e7am o manejo adequado.<\/p>\n\n\n\n<p>Um exemplar da esp\u00e9cie foi resgatado nesta sexta-feira (17) no bairro Aquarius, em Tamoios, ap\u00f3s ser encontrado na Travessa Tubar\u00e3o. A a\u00e7\u00e3o foi realizada pela Guarda Civil Municipal de Cabo Frio, por meio do Grupamento da Guarda Mar\u00edtima e Ambiental.<\/p>\n\n\n\n<p>Ap\u00f3s a captura, o animal foi encaminhado e devolvido ao seu habitat natural, em uma \u00e1rea de reserva ambiental da regi\u00e3o, garantindo sua seguran\u00e7a e o equil\u00edbrio do ecossistema.<\/p>\n\n\n\n<p>Esp\u00e9cie nativa do Brasil, o jacar\u00e9-do-papo-amarelo desempenha papel relevante na manuten\u00e7\u00e3o ambiental, contribuindo para o controle de popula\u00e7\u00f5es de peixes, aves e pequenos mam\u00edferos.&nbsp;&nbsp;&nbsp;&nbsp;<\/p>\n","protected":false},"excerpt":{"rendered":"<p>A circula\u00e7\u00e3o de animais silvestres em \u00e1reas urbanizadas n\u00e3o \u00e9 incomum, especialmente em regi\u00f5es pr\u00f3ximas a lagoas, canais e \u00e1reas alagadas, ambientes naturais que favorecem a presen\u00e7a desses r\u00e9pteis. Diante desse cen\u00e1rio, autoridades refor\u00e7am a import\u00e2ncia de manter dist\u00e2ncia e evitar qualquer tipo de intera\u00e7\u00e3o. Apesar de n\u00e3o apresentar comportamento agressivo de forma espont\u00e2nea, o [&hellip;]<\/p>\n","protected":false},"author":2,"featured_media":32383,"comment_status":"open","ping_status":"open","sticky":false,"template":"","format":"standard","meta":{"footnotes":""},"categories":[340,2981],"tags":[],"class_list":["post-32382","post","type-post","status-publish","format-standard","has-post-thumbnail","hentry","category-cabo-frio","category-destaque-noticia-3"],"_links":{"self":[{"href":"https:\/\/blogdodanielgalvao.com.br\/site\/wp-json\/wp\/v2\/posts\/32382","targetHints":{"allow":["GET"]}}],"collection":[{"href":"https:\/\/blogdodanielgalvao.com.br\/site\/wp-json\/wp\/v2\/posts"}],"about":[{"href":"https:\/\/blogdodanielgalvao.com.br\/site\/wp-json\/wp\/v2\/types\/post"}],"author":[{"embeddable":true,"href":"https:\/\/blogdodanielgalvao.com.br\/site\/wp-json\/wp\/v2\/users\/2"}],"replies":[{"embeddable":true,"href":"https:\/\/blogdodanielgalvao.com.br\/site\/wp-json\/wp\/v2\/comments?post=32382"}],"version-history":[{"count":1,"href":"https:\/\/blogdodanielgalvao.com.br\/site\/wp-json\/wp\/v2\/posts\/32382\/revisions"}],"predecessor-version":[{"id":32384,"href":"https:\/\/blogdodanielgalvao.com.br\/site\/wp-json\/wp\/v2\/posts\/32382\/revisions\/32384"}],"wp:featuredmedia":[{"embeddable":true,"href":"https:\/\/blogdodanielgalvao.com.br\/site\/wp-json\/wp\/v2\/media\/32383"}],"wp:attachment":[{"href":"https:\/\/blogdodanielgalvao.com.br\/site\/wp-json\/wp\/v2\/media?parent=32382"}],"wp:term":[{"taxonomy":"category","embeddable":true,"href":"https:\/\/blogdodanielgalvao.com.br\/site\/wp-json\/wp\/v2\/categories?post=32382"},{"taxonomy":"post_tag","embeddable":true,"href":"https:\/\/blogdodanielgalvao.com.br\/site\/wp-json\/wp\/v2\/tags?post=32382"}],"curies":[{"name":"wp","href":"https:\/\/api.w.org\/{rel}","templated":true}]}}