{"id":32379,"date":"2026-04-17T16:23:50","date_gmt":"2026-04-17T19:23:50","guid":{"rendered":"https:\/\/blogdodanielgalvao.com.br\/site\/?p=32379"},"modified":"2026-04-17T16:23:55","modified_gmt":"2026-04-17T19:23:55","slug":"cabo-frio-se-destaca-no-premio-sebrae-e-garante-terceiro-lugar-com-foco-na-economia-azul","status":"publish","type":"post","link":"https:\/\/blogdodanielgalvao.com.br\/site\/cabo-frio-se-destaca-no-premio-sebrae-e-garante-terceiro-lugar-com-foco-na-economia-azul\/","title":{"rendered":"Cabo Frio se destaca no Pr\u00eamio Sebrae e garante terceiro lugar com foco na economia azul"},"content":{"rendered":"\n<p>A atua\u00e7\u00e3o da Prefeitura de Cabo Frio voltada ao fortalecimento da economia local com responsabilidade ambiental rendeu reconhecimento estadual. O munic\u00edpio alcan\u00e7ou o terceiro lugar no 13\u00ba Pr\u00eamio Sebrae Prefeitura Empreendedora (2025\/2026), na categoria Economia Azul, que valoriza estrat\u00e9gias sustent\u00e1veis ligadas ao uso de recursos costeiros e marinhos.<\/p>\n\n\n\n<p>A conquista evidencia a aposta da cidade em pol\u00edticas p\u00fablicas que integram setores como pesca, turismo e preserva\u00e7\u00e3o ambiental, criando um modelo de desenvolvimento que busca equil\u00edbrio entre crescimento econ\u00f4mico e conserva\u00e7\u00e3o dos ecossistemas.<\/p>\n\n\n\n<p>Al\u00e9m de refor\u00e7ar a identidade territorial, a iniciativa contribui diretamente para a cria\u00e7\u00e3o de um ambiente mais favor\u00e1vel aos pequenos neg\u00f3cios, especialmente aqueles que dependem dos recursos naturais da regi\u00e3o para se manterem ativos e competitivos.<\/p>\n\n\n\n<p>A premia\u00e7\u00e3o, realizada nesta quinta-feira (16), tem como objetivo reconhecer e disseminar pr\u00e1ticas inovadoras implementadas por administra\u00e7\u00f5es municipais em todo o estado. Ao figurar entre os destaques, Cabo Frio consolida sua posi\u00e7\u00e3o como refer\u00eancia em iniciativas que unem empreendedorismo, sustentabilidade e planejamento estrat\u00e9gico.&nbsp;&nbsp;&nbsp;&nbsp;&nbsp;&nbsp;<\/p>\n","protected":false},"excerpt":{"rendered":"<p>A atua\u00e7\u00e3o da Prefeitura de Cabo Frio voltada ao fortalecimento da economia local com responsabilidade ambiental rendeu reconhecimento estadual. O munic\u00edpio alcan\u00e7ou o terceiro lugar no 13\u00ba Pr\u00eamio Sebrae Prefeitura Empreendedora (2025\/2026), na categoria Economia Azul, que valoriza estrat\u00e9gias sustent\u00e1veis ligadas ao uso de recursos costeiros e marinhos. A conquista evidencia a aposta da cidade [&hellip;]<\/p>\n","protected":false},"author":2,"featured_media":32380,"comment_status":"open","ping_status":"open","sticky":false,"template":"","format":"standard","meta":{"footnotes":""},"categories":[340,2981],"tags":[],"class_list":["post-32379","post","type-post","status-publish","format-standard","has-post-thumbnail","hentry","category-cabo-frio","category-destaque-noticia-3"],"_links":{"self":[{"href":"https:\/\/blogdodanielgalvao.com.br\/site\/wp-json\/wp\/v2\/posts\/32379","targetHints":{"allow":["GET"]}}],"collection":[{"href":"https:\/\/blogdodanielgalvao.com.br\/site\/wp-json\/wp\/v2\/posts"}],"about":[{"href":"https:\/\/blogdodanielgalvao.com.br\/site\/wp-json\/wp\/v2\/types\/post"}],"author":[{"embeddable":true,"href":"https:\/\/blogdodanielgalvao.com.br\/site\/wp-json\/wp\/v2\/users\/2"}],"replies":[{"embeddable":true,"href":"https:\/\/blogdodanielgalvao.com.br\/site\/wp-json\/wp\/v2\/comments?post=32379"}],"version-history":[{"count":1,"href":"https:\/\/blogdodanielgalvao.com.br\/site\/wp-json\/wp\/v2\/posts\/32379\/revisions"}],"predecessor-version":[{"id":32381,"href":"https:\/\/blogdodanielgalvao.com.br\/site\/wp-json\/wp\/v2\/posts\/32379\/revisions\/32381"}],"wp:featuredmedia":[{"embeddable":true,"href":"https:\/\/blogdodanielgalvao.com.br\/site\/wp-json\/wp\/v2\/media\/32380"}],"wp:attachment":[{"href":"https:\/\/blogdodanielgalvao.com.br\/site\/wp-json\/wp\/v2\/media?parent=32379"}],"wp:term":[{"taxonomy":"category","embeddable":true,"href":"https:\/\/blogdodanielgalvao.com.br\/site\/wp-json\/wp\/v2\/categories?post=32379"},{"taxonomy":"post_tag","embeddable":true,"href":"https:\/\/blogdodanielgalvao.com.br\/site\/wp-json\/wp\/v2\/tags?post=32379"}],"curies":[{"name":"wp","href":"https:\/\/api.w.org\/{rel}","templated":true}]}}