{"id":32362,"date":"2026-04-17T14:11:06","date_gmt":"2026-04-17T17:11:06","guid":{"rendered":"https:\/\/blogdodanielgalvao.com.br\/site\/?p=32362"},"modified":"2026-04-17T14:11:11","modified_gmt":"2026-04-17T17:11:11","slug":"premio-sebrae-destaca-projeto-da-prefeitura-de-casimiro-de-abreu-em-evento-no-rio","status":"publish","type":"post","link":"https:\/\/blogdodanielgalvao.com.br\/site\/premio-sebrae-destaca-projeto-da-prefeitura-de-casimiro-de-abreu-em-evento-no-rio\/","title":{"rendered":"Pr\u00eamio Sebrae destaca projeto da Prefeitura de Casimiro de Abreu em evento no Rio"},"content":{"rendered":"\n<p>A Prefeitura de Casimiro de Abreu foi um dos destaques da 13\u00aa edi\u00e7\u00e3o do Pr\u00eamio Sebrae Prefeitura Empreendedora, promovido pelo Servi\u00e7o Brasileiro de Apoio \u00e0s Micro e Pequenas Empresas (Sebrae), nessa quinta-feira, 16, no Rio.<\/p>\n\n\n\n<p>Durante a premia\u00e7\u00e3o, o munic\u00edpio conhecido como \u201cTerra do Poeta\u201d, em alus\u00e3o ao poeta, romancista e dramaturgo que d\u00e1 nome \u00e0 cidade, faturou 2 pr\u00eamios, com destaque para o 1\u00ba lugar na categoria \u201cCompras Governamentais\u201d.<\/p>\n\n\n\n<p>Batizado de \u201cGest\u00e3o 360: Efici\u00eancia que Transforma\u201d, o projeto vencedor utiliza ferramentas como a plataforma Contrata+Brasil, do governo federal, com foco agilidade e desburocratiza\u00e7\u00e3o de processos, transpar\u00eancia nos investimentos p\u00fablicos, e otimiza\u00e7\u00e3o das contrata\u00e7\u00f5es.<\/p>\n\n\n\n<p>Representada pelo prefeito Ramon Gidalte (PL), que esteve acompanhado dos secret\u00e1rios de Governo, Barbara Bastos, e de Meio Ambiente, Alberto Massad, a prefeitura garantiu ainda o 2\u00ba lugar na categoria \u201cSustentabilidade e Meio Ambiente\u201d, com o inovador projeto \u201cBarco Escola\u201d.<\/p>\n\n\n\n<p>\u201cEsse pr\u00eamio apenas confirma que nosso munic\u00edpio trilha um caminho de desenvolvimento e fortalecimento econ\u00f4mico\u201d, comemorou Ramon Gidalte, que subiu ao palco para receber os pr\u00eamios com sua equipe e com direito \u00e0 bandeira do munic\u00edpio.<\/p>\n\n\n\n<p>Com a vit\u00f3ria estadual na categoria \u201cCompras Governamentais\u201d, a Prefeitura de Casimiro de Abreu garantiu vaga na etapa nacional do Pr\u00eamio Sebrae, que acontecer\u00e1 em Bras\u00edlia, no Distrito Federal (DF), no pr\u00f3ximo dia 18 de maio, onde representar\u00e1 o Estado do Rio.<\/p>\n","protected":false},"excerpt":{"rendered":"<p>A Prefeitura de Casimiro de Abreu foi um dos destaques da 13\u00aa edi\u00e7\u00e3o do Pr\u00eamio Sebrae Prefeitura Empreendedora, promovido pelo Servi\u00e7o Brasileiro de Apoio \u00e0s Micro e Pequenas Empresas (Sebrae), nessa quinta-feira, 16, no Rio. Durante a premia\u00e7\u00e3o, o munic\u00edpio conhecido como \u201cTerra do Poeta\u201d, em alus\u00e3o ao poeta, romancista e dramaturgo que d\u00e1 nome [&hellip;]<\/p>\n","protected":false},"author":2,"featured_media":32363,"comment_status":"open","ping_status":"open","sticky":false,"template":"","format":"standard","meta":{"footnotes":""},"categories":[6],"tags":[3410],"class_list":["post-32362","post","type-post","status-publish","format-standard","has-post-thumbnail","hentry","category-casimiro-de-abreu","tag-etapa-nacional-do-premio-sebrae"],"_links":{"self":[{"href":"https:\/\/blogdodanielgalvao.com.br\/site\/wp-json\/wp\/v2\/posts\/32362","targetHints":{"allow":["GET"]}}],"collection":[{"href":"https:\/\/blogdodanielgalvao.com.br\/site\/wp-json\/wp\/v2\/posts"}],"about":[{"href":"https:\/\/blogdodanielgalvao.com.br\/site\/wp-json\/wp\/v2\/types\/post"}],"author":[{"embeddable":true,"href":"https:\/\/blogdodanielgalvao.com.br\/site\/wp-json\/wp\/v2\/users\/2"}],"replies":[{"embeddable":true,"href":"https:\/\/blogdodanielgalvao.com.br\/site\/wp-json\/wp\/v2\/comments?post=32362"}],"version-history":[{"count":1,"href":"https:\/\/blogdodanielgalvao.com.br\/site\/wp-json\/wp\/v2\/posts\/32362\/revisions"}],"predecessor-version":[{"id":32364,"href":"https:\/\/blogdodanielgalvao.com.br\/site\/wp-json\/wp\/v2\/posts\/32362\/revisions\/32364"}],"wp:featuredmedia":[{"embeddable":true,"href":"https:\/\/blogdodanielgalvao.com.br\/site\/wp-json\/wp\/v2\/media\/32363"}],"wp:attachment":[{"href":"https:\/\/blogdodanielgalvao.com.br\/site\/wp-json\/wp\/v2\/media?parent=32362"}],"wp:term":[{"taxonomy":"category","embeddable":true,"href":"https:\/\/blogdodanielgalvao.com.br\/site\/wp-json\/wp\/v2\/categories?post=32362"},{"taxonomy":"post_tag","embeddable":true,"href":"https:\/\/blogdodanielgalvao.com.br\/site\/wp-json\/wp\/v2\/tags?post=32362"}],"curies":[{"name":"wp","href":"https:\/\/api.w.org\/{rel}","templated":true}]}}