{"id":32358,"date":"2026-04-17T13:09:32","date_gmt":"2026-04-17T16:09:32","guid":{"rendered":"https:\/\/blogdodanielgalvao.com.br\/site\/?p=32358"},"modified":"2026-04-17T13:09:37","modified_gmt":"2026-04-17T16:09:37","slug":"servicos-publicos-funcionam-normalmente-em-silva-jardim-nessa-segunda-20","status":"publish","type":"post","link":"https:\/\/blogdodanielgalvao.com.br\/site\/servicos-publicos-funcionam-normalmente-em-silva-jardim-nessa-segunda-20\/","title":{"rendered":"Servi\u00e7os p\u00fablicos funcionam normalmente em Silva Jardim nessa segunda, 20"},"content":{"rendered":"\n<p>A Prefeitura de Silva Jardim divulgou, nessa semana, a programa\u00e7\u00e3o de funcionamento das unidades p\u00fablicas municipais durante a semana com 2 feriados prolongados em raz\u00e3o dos feriados de Tiradentes, na ter\u00e7a-feira, 21, e de S\u00e3o Jorge, na quinta, 23.<\/p>\n\n\n\n<p>Em nota, publicada nas redes sociais nessa quinta-feira, 15, a prefeitura anunciou um pequeno calend\u00e1rio de feriados e pontos facultativos desse m\u00eas de abril, decretando ponto facultativo apenas na pr\u00f3xima sexta-feira, 24.<\/p>\n\n\n\n<p>\u201cRessalta-se que, durante o ponto facultativo, os servi\u00e7os considerados essenciais, como os das \u00e1reas de sa\u00fade, seguran\u00e7a, obras e limpeza p\u00fablica, funcionar\u00e3o normalmente, garantindo o atendimento \u00e0 popula\u00e7\u00e3o\u201d, explicou o munic\u00edpio.<\/p>\n","protected":false},"excerpt":{"rendered":"<p>A Prefeitura de Silva Jardim divulgou, nessa semana, a programa\u00e7\u00e3o de funcionamento das unidades p\u00fablicas municipais durante a semana com 2 feriados prolongados em raz\u00e3o dos feriados de Tiradentes, na ter\u00e7a-feira, 21, e de S\u00e3o Jorge, na quinta, 23. Em nota, publicada nas redes sociais nessa quinta-feira, 15, a prefeitura anunciou um pequeno calend\u00e1rio de [&hellip;]<\/p>\n","protected":false},"author":2,"featured_media":32359,"comment_status":"open","ping_status":"open","sticky":false,"template":"","format":"standard","meta":{"footnotes":""},"categories":[1890],"tags":[3409],"class_list":["post-32358","post","type-post","status-publish","format-standard","has-post-thumbnail","hentry","category-silva-jardim","tag-ponto-facultativo"],"_links":{"self":[{"href":"https:\/\/blogdodanielgalvao.com.br\/site\/wp-json\/wp\/v2\/posts\/32358","targetHints":{"allow":["GET"]}}],"collection":[{"href":"https:\/\/blogdodanielgalvao.com.br\/site\/wp-json\/wp\/v2\/posts"}],"about":[{"href":"https:\/\/blogdodanielgalvao.com.br\/site\/wp-json\/wp\/v2\/types\/post"}],"author":[{"embeddable":true,"href":"https:\/\/blogdodanielgalvao.com.br\/site\/wp-json\/wp\/v2\/users\/2"}],"replies":[{"embeddable":true,"href":"https:\/\/blogdodanielgalvao.com.br\/site\/wp-json\/wp\/v2\/comments?post=32358"}],"version-history":[{"count":1,"href":"https:\/\/blogdodanielgalvao.com.br\/site\/wp-json\/wp\/v2\/posts\/32358\/revisions"}],"predecessor-version":[{"id":32360,"href":"https:\/\/blogdodanielgalvao.com.br\/site\/wp-json\/wp\/v2\/posts\/32358\/revisions\/32360"}],"wp:featuredmedia":[{"embeddable":true,"href":"https:\/\/blogdodanielgalvao.com.br\/site\/wp-json\/wp\/v2\/media\/32359"}],"wp:attachment":[{"href":"https:\/\/blogdodanielgalvao.com.br\/site\/wp-json\/wp\/v2\/media?parent=32358"}],"wp:term":[{"taxonomy":"category","embeddable":true,"href":"https:\/\/blogdodanielgalvao.com.br\/site\/wp-json\/wp\/v2\/categories?post=32358"},{"taxonomy":"post_tag","embeddable":true,"href":"https:\/\/blogdodanielgalvao.com.br\/site\/wp-json\/wp\/v2\/tags?post=32358"}],"curies":[{"name":"wp","href":"https:\/\/api.w.org\/{rel}","templated":true}]}}