{"id":30958,"date":"2026-03-11T18:25:15","date_gmt":"2026-03-11T21:25:15","guid":{"rendered":"https:\/\/blogdodanielgalvao.com.br\/site\/?p=30958"},"modified":"2026-03-11T18:25:23","modified_gmt":"2026-03-11T21:25:23","slug":"prefeitura-anuncia-intervencoes-em-rua-com-bloqueio-parcial-e-sistema-pare-e-siga","status":"publish","type":"post","link":"https:\/\/blogdodanielgalvao.com.br\/site\/prefeitura-anuncia-intervencoes-em-rua-com-bloqueio-parcial-e-sistema-pare-e-siga\/","title":{"rendered":"Prefeitura anuncia interven\u00e7\u00f5es em rua com bloqueio parcial e sistema \u201cpare e siga\u201d"},"content":{"rendered":"\n<p>A Prefeitura de Maca\u00e9 divulgou, nessa quarta-feira, 11, o in\u00edcio de interven\u00e7\u00f5es na Rua Manoel Francisco Nunes, da Granja dos Cavaleiros, onde haver\u00e1 bloqueio parcial da via por aproximadamente 30 dias, no trecho entre os n\u00fameros 1.063 e 1.101.<\/p>\n\n\n\n<p>As obras foram anunciadas pela Coordenadoria de Tr\u00e2nsito, da Secretaria de Mobilidade Urbana, com a informa\u00e7\u00e3o de que a via funcionar\u00e1 em sistema de \u201cpare e siga\u201d, ressaltando a import\u00e2ncia de redobrar a aten\u00e7\u00e3o por parte dos motoristas.<\/p>\n\n\n\n<p>Ainda segundo o munic\u00edpio, durante o per\u00edodo de interven\u00e7\u00f5es, a rua ter\u00e1 sinaliza\u00e7\u00e3o e controle do fluxo de ve\u00edculos por parte da empresa respons\u00e1vel pelo servi\u00e7o realizado na via, que tem previs\u00e3o de libera\u00e7\u00e3o no in\u00edcio de abril.<\/p>\n\n\n\n<p>\u201cA Secretaria de Mobilidade Urbana solicita que os condutores redobrem a aten\u00e7\u00e3o ao passar pelo local, respeitando a sinaliza\u00e7\u00e3o\u201d, completou a pasta.<\/p>\n","protected":false},"excerpt":{"rendered":"<p>A Prefeitura de Maca\u00e9 divulgou, nessa quarta-feira, 11, o in\u00edcio de interven\u00e7\u00f5es na Rua Manoel Francisco Nunes, da Granja dos Cavaleiros, onde haver\u00e1 bloqueio parcial da via por aproximadamente 30 dias, no trecho entre os n\u00fameros 1.063 e 1.101. As obras foram anunciadas pela Coordenadoria de Tr\u00e2nsito, da Secretaria de Mobilidade Urbana, com a informa\u00e7\u00e3o [&hellip;]<\/p>\n","protected":false},"author":2,"featured_media":30959,"comment_status":"open","ping_status":"open","sticky":false,"template":"","format":"standard","meta":{"footnotes":""},"categories":[2],"tags":[3266],"class_list":["post-30958","post","type-post","status-publish","format-standard","has-post-thumbnail","hentry","category-macae","tag-rua-da-granja-dos-cavaleiros-passara-por-obras"],"_links":{"self":[{"href":"https:\/\/blogdodanielgalvao.com.br\/site\/wp-json\/wp\/v2\/posts\/30958","targetHints":{"allow":["GET"]}}],"collection":[{"href":"https:\/\/blogdodanielgalvao.com.br\/site\/wp-json\/wp\/v2\/posts"}],"about":[{"href":"https:\/\/blogdodanielgalvao.com.br\/site\/wp-json\/wp\/v2\/types\/post"}],"author":[{"embeddable":true,"href":"https:\/\/blogdodanielgalvao.com.br\/site\/wp-json\/wp\/v2\/users\/2"}],"replies":[{"embeddable":true,"href":"https:\/\/blogdodanielgalvao.com.br\/site\/wp-json\/wp\/v2\/comments?post=30958"}],"version-history":[{"count":1,"href":"https:\/\/blogdodanielgalvao.com.br\/site\/wp-json\/wp\/v2\/posts\/30958\/revisions"}],"predecessor-version":[{"id":30960,"href":"https:\/\/blogdodanielgalvao.com.br\/site\/wp-json\/wp\/v2\/posts\/30958\/revisions\/30960"}],"wp:featuredmedia":[{"embeddable":true,"href":"https:\/\/blogdodanielgalvao.com.br\/site\/wp-json\/wp\/v2\/media\/30959"}],"wp:attachment":[{"href":"https:\/\/blogdodanielgalvao.com.br\/site\/wp-json\/wp\/v2\/media?parent=30958"}],"wp:term":[{"taxonomy":"category","embeddable":true,"href":"https:\/\/blogdodanielgalvao.com.br\/site\/wp-json\/wp\/v2\/categories?post=30958"},{"taxonomy":"post_tag","embeddable":true,"href":"https:\/\/blogdodanielgalvao.com.br\/site\/wp-json\/wp\/v2\/tags?post=30958"}],"curies":[{"name":"wp","href":"https:\/\/api.w.org\/{rel}","templated":true}]}}