{"id":30951,"date":"2026-03-11T17:34:03","date_gmt":"2026-03-11T20:34:03","guid":{"rendered":"https:\/\/blogdodanielgalvao.com.br\/site\/?p=30951"},"modified":"2026-03-11T17:34:11","modified_gmt":"2026-03-11T20:34:11","slug":"operacao-integrada-recupera-motos-roubadas-e-resulta-em-prisao-em-cabo-frio-e-arraial-do-cabo","status":"publish","type":"post","link":"https:\/\/blogdodanielgalvao.com.br\/site\/operacao-integrada-recupera-motos-roubadas-e-resulta-em-prisao-em-cabo-frio-e-arraial-do-cabo\/","title":{"rendered":"Opera\u00e7\u00e3o integrada recupera motos roubadas e resulta em pris\u00e3o em Cabo Frio e Arraial do Cabo"},"content":{"rendered":"\n<p>Uma opera\u00e7\u00e3o conjunta entre for\u00e7as de seguran\u00e7a de Cabo Frio e Arraial do Cabo terminou com a pris\u00e3o de um homem, a apreens\u00e3o de um adolescente e a recupera\u00e7\u00e3o de duas motocicletas com registro de roubo. A a\u00e7\u00e3o ocorreu nesta ter\u00e7a-feira (10) e contou com a participa\u00e7\u00e3o de equipes do PROEIS, da Ronda Ostensiva Municipal (ROMU) e da Pol\u00edcia Civil da 126\u00aa Delegacia de Pol\u00edcia.<\/p>\n\n\n\n<p>A ocorr\u00eancia teve in\u00edcio na Avenida Teixeira e Souza, em Cabo Frio, quando dois suspeitos abordaram um motociclista e roubaram o ve\u00edculo. Durante o crime, uma equipe do PROEIS presenciou a a\u00e7\u00e3o e conseguiu deter o adolescente envolvido, enquanto o outro suspeito fugiu levando a motocicleta.<\/p>\n\n\n\n<p>Com o aux\u00edlio de imagens de c\u00e2meras de seguran\u00e7a, a Pol\u00edcia Civil conseguiu identificar o suspeito e levantou a hip\u00f3tese de que ele estaria no distrito de Monte Alto, em Arraial do Cabo. A partir das informa\u00e7\u00f5es compartilhadas entre as equipes, agentes do PROEIS e da ROMU iniciaram buscas na regi\u00e3o.<\/p>\n\n\n\n<p>O homem foi localizado e preso em flagrante. Durante a a\u00e7\u00e3o, al\u00e9m da motocicleta roubada pouco antes em Cabo Frio, os agentes tamb\u00e9m encontraram outro ve\u00edculo com registro de roubo no bairro Itajuru.<\/p>\n\n\n\n<p>Os suspeitos e os ve\u00edculos recuperados foram encaminhados para a Central de Flagrantes. O homem foi autuado pelos crimes de roubo e recepta\u00e7\u00e3o e permanece \u00e0 disposi\u00e7\u00e3o da Justi\u00e7a. J\u00e1 o adolescente responder\u00e1 por ato infracional equivalente ao crime de roubo.&nbsp;&nbsp;&nbsp;<\/p>\n","protected":false},"excerpt":{"rendered":"<p>Uma opera\u00e7\u00e3o conjunta entre for\u00e7as de seguran\u00e7a de Cabo Frio e Arraial do Cabo terminou com a pris\u00e3o de um homem, a apreens\u00e3o de um adolescente e a recupera\u00e7\u00e3o de duas motocicletas com registro de roubo. A a\u00e7\u00e3o ocorreu nesta ter\u00e7a-feira (10) e contou com a participa\u00e7\u00e3o de equipes do PROEIS, da Ronda Ostensiva Municipal [&hellip;]<\/p>\n","protected":false},"author":2,"featured_media":30952,"comment_status":"open","ping_status":"open","sticky":false,"template":"","format":"standard","meta":{"footnotes":""},"categories":[838,340],"tags":[],"class_list":["post-30951","post","type-post","status-publish","format-standard","has-post-thumbnail","hentry","category-arraial-do-cabo","category-cabo-frio"],"_links":{"self":[{"href":"https:\/\/blogdodanielgalvao.com.br\/site\/wp-json\/wp\/v2\/posts\/30951","targetHints":{"allow":["GET"]}}],"collection":[{"href":"https:\/\/blogdodanielgalvao.com.br\/site\/wp-json\/wp\/v2\/posts"}],"about":[{"href":"https:\/\/blogdodanielgalvao.com.br\/site\/wp-json\/wp\/v2\/types\/post"}],"author":[{"embeddable":true,"href":"https:\/\/blogdodanielgalvao.com.br\/site\/wp-json\/wp\/v2\/users\/2"}],"replies":[{"embeddable":true,"href":"https:\/\/blogdodanielgalvao.com.br\/site\/wp-json\/wp\/v2\/comments?post=30951"}],"version-history":[{"count":1,"href":"https:\/\/blogdodanielgalvao.com.br\/site\/wp-json\/wp\/v2\/posts\/30951\/revisions"}],"predecessor-version":[{"id":30953,"href":"https:\/\/blogdodanielgalvao.com.br\/site\/wp-json\/wp\/v2\/posts\/30951\/revisions\/30953"}],"wp:featuredmedia":[{"embeddable":true,"href":"https:\/\/blogdodanielgalvao.com.br\/site\/wp-json\/wp\/v2\/media\/30952"}],"wp:attachment":[{"href":"https:\/\/blogdodanielgalvao.com.br\/site\/wp-json\/wp\/v2\/media?parent=30951"}],"wp:term":[{"taxonomy":"category","embeddable":true,"href":"https:\/\/blogdodanielgalvao.com.br\/site\/wp-json\/wp\/v2\/categories?post=30951"},{"taxonomy":"post_tag","embeddable":true,"href":"https:\/\/blogdodanielgalvao.com.br\/site\/wp-json\/wp\/v2\/tags?post=30951"}],"curies":[{"name":"wp","href":"https:\/\/api.w.org\/{rel}","templated":true}]}}