{"id":30939,"date":"2026-03-11T13:38:56","date_gmt":"2026-03-11T16:38:56","guid":{"rendered":"https:\/\/blogdodanielgalvao.com.br\/site\/?p=30939"},"modified":"2026-03-11T13:39:00","modified_gmt":"2026-03-11T16:39:00","slug":"cabo-frio-segue-em-estado-de-atencao-com-previsao-de-novas-chuvas","status":"publish","type":"post","link":"https:\/\/blogdodanielgalvao.com.br\/site\/cabo-frio-segue-em-estado-de-atencao-com-previsao-de-novas-chuvas\/","title":{"rendered":"Cabo Frio segue em estado de aten\u00e7\u00e3o com previs\u00e3o de novas chuvas"},"content":{"rendered":"\n<p>O munic\u00edpio de Cabo Frio permanece em estado de aten\u00e7\u00e3o nesta ter\u00e7a-feira (10), conforme informou a Coordenadoria Geral de Defesa Civil. A medida foi mantida devido \u00e0 previs\u00e3o de continuidade do tempo inst\u00e1vel nos pr\u00f3ximos dias.<\/p>\n\n\n\n<p>Nas \u00faltimas 24 horas, os pluvi\u00f4metros registraram 22,6 mil\u00edmetros de chuva na regi\u00e3o central da cidade, enquanto o distrito de Tamoios acumulou 3,4 mil\u00edmetros. Apesar da diferen\u00e7a nos volumes, a previs\u00e3o meteorol\u00f3gica indica possibilidade de pancadas de chuva de intensidade fraca a moderada.<\/p>\n\n\n\n<p>Diante do cen\u00e1rio, equipes da Prefeitura seguem mobilizadas em diversos pontos do munic\u00edpio com a\u00e7\u00f5es de monitoramento e atendimento \u00e0 popula\u00e7\u00e3o. Entre os servi\u00e7os executados est\u00e3o limpeza de bueiros, interven\u00e7\u00f5es no sistema de drenagem e reparos emergenciais em locais considerados mais vulner\u00e1veis.<\/p>\n\n\n\n<p>As atividades est\u00e3o concentradas principalmente no Canal da Malhada, no bairro Jardim Esperan\u00e7a, al\u00e9m da Avenida Independ\u00eancia e da Rua Sinagoga, ambas localizadas em Tamoios.<\/p>\n\n\n\n<p>Devido ao solo ainda saturado pela chuva, alguns pontos da cidade apresentam \u00e1reas alagadas. A Defesa Civil orienta os moradores a redobrar a aten\u00e7\u00e3o, especialmente em regi\u00f5es pr\u00f3ximas a encostas ou canais. O \u00f3rg\u00e3o tamb\u00e9m refor\u00e7a a import\u00e2ncia de n\u00e3o descartar lixo nas vias p\u00fablicas, evitando a obstru\u00e7\u00e3o das redes de drenagem recentemente limpas.<\/p>\n\n\n\n<p>Em situa\u00e7\u00f5es de emerg\u00eancia, como aparecimento de rachaduras em im\u00f3veis, estalos em estruturas ou alagamentos mais graves, a recomenda\u00e7\u00e3o \u00e9 acionar imediatamente a Defesa Civil pelos telefones 199 ou (22) 2647-0199.&nbsp;&nbsp;&nbsp;&nbsp;<\/p>\n\n\n\n<p>Foto: Mari Ricci<\/p>\n","protected":false},"excerpt":{"rendered":"<p>O munic\u00edpio de Cabo Frio permanece em estado de aten\u00e7\u00e3o nesta ter\u00e7a-feira (10), conforme informou a Coordenadoria Geral de Defesa Civil. A medida foi mantida devido \u00e0 previs\u00e3o de continuidade do tempo inst\u00e1vel nos pr\u00f3ximos dias. Nas \u00faltimas 24 horas, os pluvi\u00f4metros registraram 22,6 mil\u00edmetros de chuva na regi\u00e3o central da cidade, enquanto o distrito [&hellip;]<\/p>\n","protected":false},"author":2,"featured_media":30940,"comment_status":"open","ping_status":"open","sticky":false,"template":"","format":"standard","meta":{"footnotes":""},"categories":[340,2978],"tags":[],"class_list":["post-30939","post","type-post","status-publish","format-standard","has-post-thumbnail","hentry","category-cabo-frio","category-destaques-topo"],"_links":{"self":[{"href":"https:\/\/blogdodanielgalvao.com.br\/site\/wp-json\/wp\/v2\/posts\/30939","targetHints":{"allow":["GET"]}}],"collection":[{"href":"https:\/\/blogdodanielgalvao.com.br\/site\/wp-json\/wp\/v2\/posts"}],"about":[{"href":"https:\/\/blogdodanielgalvao.com.br\/site\/wp-json\/wp\/v2\/types\/post"}],"author":[{"embeddable":true,"href":"https:\/\/blogdodanielgalvao.com.br\/site\/wp-json\/wp\/v2\/users\/2"}],"replies":[{"embeddable":true,"href":"https:\/\/blogdodanielgalvao.com.br\/site\/wp-json\/wp\/v2\/comments?post=30939"}],"version-history":[{"count":1,"href":"https:\/\/blogdodanielgalvao.com.br\/site\/wp-json\/wp\/v2\/posts\/30939\/revisions"}],"predecessor-version":[{"id":30941,"href":"https:\/\/blogdodanielgalvao.com.br\/site\/wp-json\/wp\/v2\/posts\/30939\/revisions\/30941"}],"wp:featuredmedia":[{"embeddable":true,"href":"https:\/\/blogdodanielgalvao.com.br\/site\/wp-json\/wp\/v2\/media\/30940"}],"wp:attachment":[{"href":"https:\/\/blogdodanielgalvao.com.br\/site\/wp-json\/wp\/v2\/media?parent=30939"}],"wp:term":[{"taxonomy":"category","embeddable":true,"href":"https:\/\/blogdodanielgalvao.com.br\/site\/wp-json\/wp\/v2\/categories?post=30939"},{"taxonomy":"post_tag","embeddable":true,"href":"https:\/\/blogdodanielgalvao.com.br\/site\/wp-json\/wp\/v2\/tags?post=30939"}],"curies":[{"name":"wp","href":"https:\/\/api.w.org\/{rel}","templated":true}]}}