{"id":30933,"date":"2026-03-11T13:32:16","date_gmt":"2026-03-11T16:32:16","guid":{"rendered":"https:\/\/blogdodanielgalvao.com.br\/site\/?p=30933"},"modified":"2026-03-11T13:32:20","modified_gmt":"2026-03-11T16:32:20","slug":"cabo-frio-promove-mutirao-do-procon-e-registra-mais-de-200-atendimentos-no-primeiro-dia","status":"publish","type":"post","link":"https:\/\/blogdodanielgalvao.com.br\/site\/cabo-frio-promove-mutirao-do-procon-e-registra-mais-de-200-atendimentos-no-primeiro-dia\/","title":{"rendered":"Cabo Frio promove mutir\u00e3o do Procon e registra mais de 200 atendimentos no primeiro dia"},"content":{"rendered":"\n<p>O segundo Mutir\u00e3o de Renegocia\u00e7\u00e3o de D\u00e9bitos promovido pelo Procon de Cabo Frio come\u00e7ou com grande procura nesta ter\u00e7a-feira (10). Realizada no Tamoyo Esporte Clube, a iniciativa contabilizou 234 atendimentos apenas no primeiro dia, com n\u00famero expressivo de acordos firmados entre consumidores e empresas credoras.<\/p>\n\n\n\n<p>A a\u00e7\u00e3o segue at\u00e9 a pr\u00f3xima sexta-feira (13) e re\u00fane diferentes institui\u00e7\u00f5es, entre elas as concession\u00e1rias Enel e Prolagos, bancos, operadoras de telefonia e redes varejistas. O evento conta com apoio da Secretaria de Estado de Defesa do Consumidor e do Procon Estadual.<\/p>\n\n\n\n<p>Promovido durante a Semana do Consumidor, o mutir\u00e3o oferece condi\u00e7\u00f5es facilitadas para quem deseja regularizar pend\u00eancias financeiras. Entre as vantagens disponibilizadas pelas empresas participantes est\u00e3o descontos que podem ultrapassar 90% do valor da d\u00edvida, al\u00e9m de op\u00e7\u00f5es de parcelamento mais acess\u00edveis. Algumas companhias realizam atendimento presencial no local, enquanto outras disponibilizam plataformas digitais para negocia\u00e7\u00e3o.<\/p>\n\n\n\n<p>\u201cAs pessoas n\u00e3o gostam de ficar devendo, querem honrar os seus compromissos. Ent\u00e3o, neste ano, ampliamos o Mutir\u00e3o para dar mais tranquilidade a quem deseja acertar as suas contas. Enquanto Procon, seguiremos intermediando essas rela\u00e7\u00f5es, de modo a sempre proteger os direitos do consumidor\u201d, afirmou a coordenadora-geral do Procon Cabo Frio, M\u00f4nica Bonioli.<\/p>\n\n\n\n<p>O atendimento acontece das 9h \u00e0s 16h no Tamoyo Esporte Clube. Ap\u00f3s esse hor\u00e1rio, ser\u00e3o atendidas apenas as pessoas que j\u00e1 estiverem com senha. Para participar, \u00e9 necess\u00e1rio apresentar documento de identifica\u00e7\u00e3o e comprovantes das d\u00edvidas que ser\u00e3o negociadas.&nbsp;&nbsp;&nbsp;&nbsp;<\/p>\n","protected":false},"excerpt":{"rendered":"<p>O segundo Mutir\u00e3o de Renegocia\u00e7\u00e3o de D\u00e9bitos promovido pelo Procon de Cabo Frio come\u00e7ou com grande procura nesta ter\u00e7a-feira (10). Realizada no Tamoyo Esporte Clube, a iniciativa contabilizou 234 atendimentos apenas no primeiro dia, com n\u00famero expressivo de acordos firmados entre consumidores e empresas credoras. A a\u00e7\u00e3o segue at\u00e9 a pr\u00f3xima sexta-feira (13) e re\u00fane [&hellip;]<\/p>\n","protected":false},"author":2,"featured_media":30934,"comment_status":"open","ping_status":"open","sticky":false,"template":"","format":"standard","meta":{"footnotes":""},"categories":[340,2981],"tags":[],"class_list":["post-30933","post","type-post","status-publish","format-standard","has-post-thumbnail","hentry","category-cabo-frio","category-destaque-noticia-3"],"_links":{"self":[{"href":"https:\/\/blogdodanielgalvao.com.br\/site\/wp-json\/wp\/v2\/posts\/30933","targetHints":{"allow":["GET"]}}],"collection":[{"href":"https:\/\/blogdodanielgalvao.com.br\/site\/wp-json\/wp\/v2\/posts"}],"about":[{"href":"https:\/\/blogdodanielgalvao.com.br\/site\/wp-json\/wp\/v2\/types\/post"}],"author":[{"embeddable":true,"href":"https:\/\/blogdodanielgalvao.com.br\/site\/wp-json\/wp\/v2\/users\/2"}],"replies":[{"embeddable":true,"href":"https:\/\/blogdodanielgalvao.com.br\/site\/wp-json\/wp\/v2\/comments?post=30933"}],"version-history":[{"count":1,"href":"https:\/\/blogdodanielgalvao.com.br\/site\/wp-json\/wp\/v2\/posts\/30933\/revisions"}],"predecessor-version":[{"id":30935,"href":"https:\/\/blogdodanielgalvao.com.br\/site\/wp-json\/wp\/v2\/posts\/30933\/revisions\/30935"}],"wp:featuredmedia":[{"embeddable":true,"href":"https:\/\/blogdodanielgalvao.com.br\/site\/wp-json\/wp\/v2\/media\/30934"}],"wp:attachment":[{"href":"https:\/\/blogdodanielgalvao.com.br\/site\/wp-json\/wp\/v2\/media?parent=30933"}],"wp:term":[{"taxonomy":"category","embeddable":true,"href":"https:\/\/blogdodanielgalvao.com.br\/site\/wp-json\/wp\/v2\/categories?post=30933"},{"taxonomy":"post_tag","embeddable":true,"href":"https:\/\/blogdodanielgalvao.com.br\/site\/wp-json\/wp\/v2\/tags?post=30933"}],"curies":[{"name":"wp","href":"https:\/\/api.w.org\/{rel}","templated":true}]}}